{"id":1270,"date":"2020-11-18T23:24:11","date_gmt":"2020-11-18T22:24:11","guid":{"rendered":"http:\/\/www.lasteuropeans.eu\/?p=1270"},"modified":"2020-12-03T12:38:06","modified_gmt":"2020-12-03T11:38:06","slug":"an-extreme-right-wing-politician-as-chair-of-yad-vashem","status":"publish","type":"post","link":"https:\/\/www.lasteuropeans.eu\/en\/an-extreme-right-wing-politician-as-chair-of-yad-vashem\/","title":{"rendered":"An extreme right wing politician as chair of Yad Vashem?"},"content":{"rendered":"<p>There is international resistance to the announced appointment of the extreme right-wing politician Effi Eitam as the new chairman of Yad Vashem, the prestigious \u2018World Holocaust Remembrance Centre\u2019 and museum in Jerusalem.\u00a0In a joint declaration, Jewish and non-Jewish scholars and employees of Jewish museums, Holocaust memorial sites, university and non-university research and educational institutions, and archives around the world protest strongly against this worrying move which threatens to instrumentalize one of the most important Holocaust memorial institutions in the world for partisan political interests.\u00a0Within a few days, more than 750 international signatories have joined the appeal.<br \/>\n<u><span lang=\"EN-US\">Scholars and professors of Jewish Studies and History in the USA, Israel, Germany, Great Britain, Switzerland, Austria, Australia, Hungary, Poland, South Africa, Canada, Brazil, France, Czech Republic etc:<\/span><\/u><span lang=\"EN-US\">\u00a0including Omer Bartov, Paul Mendes-Flohr, Michael Berenbaum, Deborah Lipstadt, Steven Aschheim, Barbara Kirshenblatt-Gimblett, James Young, Sander Gilman, Norbert Frei, Aleida and Jan Assmann, Michael Brenner, Marion Kaplan, Derek Penslar, Ron Barkai, Alfred Bodenheimer, Dariusz Stola, Vivian Liska, Daniel Boyarin, Gertrud Koch, Shulamith Volkov, Peter Hayes, Konrad Kwiet, Christoph Schulte, Deborah Dwork, John Efron, Amos Goldberg, Moshe Zimmermann, Moshe Rosman, Lawrence Baron, Joel Rubin, Anson Rabinbach, Micha Brumlik, Atina Grossman, David Myers, Jacques Picard, Liliane Weissberg, Ren\u00e9 Bloch, Alan Steinweis, Christina v. Braun, Michael Steinberg and many more.<\/span><\/p>\n<div><u><span lang=\"EN-US\">Directors and staff members of numerous Jewish museums, Holocaust memorials, educational centers, research institutes and archives in the USA, Germany, Austria, Poland, Hungary, the Netherlands, Spain, Slovakia, Greece, Turkey and Israel <\/span><\/u><\/div>\n<div>\n<p><span lang=\"EN-US\">including Zsuzsanna Toronyi (Jewish Museum Budapest), Volkhard Knigge (former director of the Buchenwald Memorial), Stefanie Sch\u00fcler-Springorum (Center for Research on Anti-Semitism, Berlin), Zygmunt St\u0119pi\u0144ski (Director of the Museum Polin, Warsaw), Sybille Steinbacher (Fritz Bauer Institute Frankfurt a.M. ), Miriam Zadoff (NS Documentation Center Munich), ), Lori Starr (former director of the Contemporary Jewish Museum, San Francisco), Martha Keil (Institute for Jewish History of Austria), Miriam R\u00fcrup (Moses Mendelssohn Center, Potsdam), Daniela Eisenstein (Jewish Museum Franconia), Maros Borsky (Jewish Museum Bratislava), Barbara Staudinger (Jewish Museum Augsburg), Zanet Battinou (Jewish Museum Athens), Bernhard Purin (Jewish Museum Munich), Anja Siegemund (Centrum Judaicum Berlin) and many others.<\/span><\/p>\n<\/div>\n<div>\n<div><u><span lang=\"EN-US\">Writers, artists and filmmakers\u00a0<\/span><\/u><span style=\"font-size: 18px;\">including Lizzie Doron, Max Czollek, Doron Rabinovici, Amos Gitai, Ruth Beckermann, Melvin Jules Bukiet, Michal Rovner, Abraham Burg (the former speaker of the Knesset) and rabbis such as Andreas Nachama (President of the General Rabbinical Conference in Germany) have also added their names in protest.<\/span><\/div>\n<div><\/div>\n<div>For the initiators of the appeal:<\/div>\n<\/div>\n<div>\n<p>Felicitas Heimann-Jelinek (independent curator and museologist, Vienna)<br \/>\nHanno Loewy (Director, Jewish Museum Hohenems, Austria)<br \/>\nJoanne Rosenthal (former chief curator of the Jewish Museum London)<br \/>\nCilly Kugelmann (Chief Curator of the Permanent Exhibition of the Jewish Museum Berlin)<br \/>\nSusannah Heschel (Professor of Jewish Studies, Dartmouth, USA)<\/p>\n<\/div>\n<div>\n<div><\/div>\n<\/div>\n<p><strong>OPPOSITION TO THE SUGGESTED APPOINTMENT OF EFFI EITAM AS CHAIR OF YAD VASHEM<\/strong><\/p>\n<p>\u201cFor many years the Israeli Holocaust memorial Yad Vashem, its archives and research departments, has been one of the most important partners of our work, wherever we are situated, whether Jewish or non-Jewish scholars of Holocaust, Antisemitism and Jewish studies, active in universities, museums, archives, education or research.<\/p>\n<p>Yad Vashem, the Israeli state \u2018Memorial to the Martyrs and Heroes of the State of Israel in the Holocaust\u2019 commemorates the Nazi extermination of the Jews. Its declared goal is not only documentation, research and education but also prevention &#8211; of barbarity and future acts of genocide. The International School for Holocaust Studies, which is part of the memorial, aims at combatting anti-Semitism, racism and exclusion within society at large.<\/p>\n<p>This urgent mission &#8211; to encourage civil society to actively watch, involve and intervene wherever racism and hatred threaten religious, ethnic or other groups and communities &#8211; is now at risk of being handed over to the outspoken right-wing extremist and historically illiterate politician Effi Eitam.<\/p>\n<p>We are shocked by this outrageous proposal and protest against it in the strongest possible terms. Eitam\u2019s hateful rhetoric towards Israeli Arabs and Palestinians stands in opposition to the stated mission of Yad Vashem.<\/p>\n<p>We add our voices to the protests of many notable Holocaust survivors in Israel who have spoken out against this proposed appointment. Appointing Effi Eitam as Chair of Yad Vashem would turn an internationally respected institution devoted to the documentation of crimes against humanity and the pursuit of human rights into a mockery and a disgrace.\u201d<\/p>\n<p><strong>List of Signatories:<\/strong><br \/>\n<span style=\"font-size: 18px;\">Gis\u00e8le Abazon, Interpreter, Israel<br \/>\n<\/span><span style=\"font-size: 18px;\">Irit Abir, Israel<br \/>\n<\/span><span style=\"font-size: 18px;\">Prof. Dr. David Abraham, Professor of Law, University of Miami, USA<br \/>\n<\/span><span style=\"font-size: 18px;\">Mr. Shai Adar, Tel Aviv Sexual Assault Crisis Center, Volunteer and Board Member, Israel<br \/>\n<\/span><span style=\"font-size: 18px;\">Nance Adler, JDS Seattle &#8211; Jewish Studies, USA<br \/>\n<\/span><span style=\"font-size: 18px;\">Dr. Mehnaz Afridi, Holocaust, Genocide and Interfaith Education Center, New York, USA<br \/>\n<\/span><span style=\"font-size: 18px;\">Dr. Michal Aharony, University of Haifa, Editor, The Journal of Holocaust Research, Israel<br \/>\n<\/span><span style=\"font-size: 18px;\">Dr Avril Alba, University of Sydney, Australia<br \/>\n<\/span><span style=\"font-size: 18px;\">Mr Jonathan Alexandre, Israel<br \/>\n<\/span><span style=\"font-size: 18px;\">Mr Mario Dominic Alfonso, USA<br \/>\n<\/span><span style=\"font-size: 18px;\">Dr Jean-R\u00e9mi Alisse, Israel<br \/>\n<\/span><span style=\"font-size: 18px;\">Mr Yuval Alpan, Israel<br \/>\n<\/span><span style=\"font-size: 18px;\">Dr. Karen Alterthum-Wajsberg, Children and Adolescent Psychiatrist, Munich, Germany<br \/>\n<\/span><span style=\"font-size: 18px;\">Mr Eitan Amiel, Israel<br \/>\n<\/span><span style=\"font-size: 18px;\">Prof. Rabbi Yehoyada Amir, Hebrew Union College &#8211; Jewish Institute of Religion, Israel<br \/>\n<\/span><span style=\"font-size: 18px;\">Marita Anderson, Chaplain at Northside Hospital, USA<br \/>\n<\/span><span style=\"font-size: 18px;\">Claire Andrieu, History Professor, Sciences Po, Paris, France<br \/>\n<\/span><span style=\"font-size: 18px;\">Professor Shoshana Anily, Tel Aviv University, Israel<br \/>\n<\/span><span style=\"font-size: 18px;\">Mr L\u00e9o Apotheker, UK<br \/>\n<\/span><span style=\"font-size: 18px;\">Mrs Liliane Apotheker, UK<br \/>\n<\/span><span style=\"font-size: 18px;\">Jack Arbib, Israel<br \/>\n<\/span><span style=\"font-size: 18px;\">Mr Bertie Aronson, Israel<br \/>\n<\/span><span style=\"font-size: 18px;\">Professor Steven Aschheim, Emeritus, Hebrew University, Israel<br \/>\n<\/span><span style=\"font-size: 18px;\">Ofer Ashkenazi, Associate Professor, Director, The Koebner-Minerva Center for German History, The Hebrew University of Jerusalem, Israel<br \/>\n<\/span><span style=\"font-size: 18px;\">Prof. Dr. Aleida Assmann, University of Konstanz, Germany<br \/>\n<\/span><span style=\"font-size: 18px;\">Dr Roger Assouline, Israel<br \/>\n<\/span><span style=\"font-size: 18px;\">Prof. Dr. Jan Assmann, Universities of Heidelberg and Konstanz, Germany<br \/>\nDr Irene Aue-Ben-David, Director, Leo Baeck Institute Jerusalem, Israel<br \/>\n<\/span><span style=\"font-size: 18px;\">Karen Auerbach, University of North Carolina, associate professor of history, USA<br \/>\nArie Avidor, Ambassador (ret.), Israel<br \/>\n<\/span><span style=\"font-size: 18px;\">Bernard Avishai, Visiting Professor of Government, Dartmouth College, USA \/ Israel \u05e8\u05d7\u05dc \u05d0\u05e8\u05d1\u05dc ,\u05d9\u05e9\u05e8\u05d0\u05dc<br \/>\n<\/span><span style=\"font-size: 18px;\">\u05e4\u05e0\u05d7\u05e1 \u05d1\u05d9\u05d1\u05dc\u05e0\u05d9\u05e7 ,\u05d4\u05d0\u05d5\u05e0\u05d9\u05d1\u05e8\u05e1\u05d9\u05d8\u05d4 \u05d4\u05e2\u05d1\u05e8\u05d9\u05ea \u05d9\u05e8\u05d5\u05e9\u05dc\u05d9\u05dd ,\u05d9\u05e9\u05e8\u05d0\u05dc<br \/>\n<\/span><span style=\"font-size: 18px;\">\u05d0\u05e8\u05d9\u05d0\u05dc\u05d4 \u05d1\u05db\u05e8 ,\u05d9\u05e9\u05e8\u05d0\u05dc<br \/>\n<\/span><span style=\"font-size: 18px;\">Professor Anthony Bale, Birkbeck College, University of London, UK<br \/>\n<\/span><span style=\"font-size: 18px;\">\u05d0\u05d9\u05dc\u05d5 \u05d1\u05e8 ,\u05e2\u05e6\u05de\u05d0\u05d9 ,\u05d9\u05e9\u05e8\u05d0\u05dc<br \/>\n<\/span><span style=\"font-size: 18px;\">Naomi Ban, Israel<br \/>\n<\/span><span style=\"font-size: 18px;\">Dr Ronald Ban, Israel<br \/>\n<\/span><span style=\"font-size: 18px;\">Rabbi Ehud Bandel, Israel<br \/>\n<\/span><span style=\"font-size: 18px;\">Dr. Yair Barak, Research fellow Cohn Institute Tel Aviv University, Israel<br \/>\n<\/span><span style=\"font-size: 18px;\">Miriam Barak, Israel<br \/>\n<\/span><span style=\"font-size: 18px;\">Prof. Emeritus David Bar-Gal, Hebrew University, Israel<br \/>\n<\/span><span style=\"font-size: 18px;\">Uri Barbash, Film and TV Director, Israel<br \/>\n<\/span><span style=\"font-size: 18px;\">Hillel Bardin, Israel<br \/>\n<\/span><span style=\"font-size: 18px;\">Ron Barkai, Professor Emeritus, Tel Aviv University, Israel<br \/>\n<\/span><span style=\"font-size: 18px;\">Thamar Barnett, Holocaust Educator, UK<br \/>\n<\/span><span style=\"font-size: 18px;\">Lawrence Baron, Professor Emeritus, San Diego State University (retired), USA<br \/>\n<\/span><span style=\"font-size: 18px;\">Professor Omer Bartov, Brown University, USA<br \/>\n<\/span><span style=\"font-size: 18px;\">Professor Neima Barzel, Oraim college of education, Israel<br \/>\n<\/span><span style=\"font-size: 18px;\">Prof. Dr. iur. J.Friedrich Battenberg, Technical University Darmstadt, Department of History, Germany<br \/>\n<\/span><span style=\"font-size: 18px;\">Ms. Zanet Battinou, Director, The Jewish Museum of Greece, Greece<br \/>\n<\/span><span style=\"font-size: 18px;\">Mrs Laure Baumgarten, France<br \/>\n<\/span><span style=\"font-size: 18px;\">Sammy Beck, Director, Practicing Medicine Program, Cornell University, USA Professor Annette Becker, Paris-Nanterre, Genocide Studies, France<br \/>\n<\/span><span style=\"font-size: 18px;\">Ruth Beckermann, Filmmaker, Austria<br \/>\n<\/span><span style=\"font-size: 18px;\">Dr. Michael Beigel, Director, Multimedia Assisted Learning, The Faculty of Medicine, The Hebrew University, Israel<br \/>\n<\/span><span style=\"font-size: 18px;\">Sylvia Beigel, Teacher, Alyn Rehabilitation Hospital, Israel Claudette Beit-Aharon, Child of Survivor, USA<br \/>\n<\/span><span style=\"font-size: 18px;\">Dr. Margalit Bejarano, Hebrew University (Research Fellow), Israel Ruth Belluco, Israel<br \/>\n<\/span><span style=\"font-size: 18px;\">Galit Ben Ami, Israel<br \/>\n<\/span><span lang=\"EN-US\">Batsheva Ben-Amos, Shoah scholar, Philadelphia<br \/>\n<\/span><span style=\"font-size: 18px;\">Professor Dr. Shlomo Ben-Hur, IMD Business School, Switzerland David Ben Ishay, Direction de projets environnementaux, Isra\u00ebl<br \/>\n\u05de\u05e0\u05e9\u05d4 \u05d1\u05df \u05de\u05d0\u05d9\u05e8 ,\u05de\u05e8\u05d7\u05d1 \u05ea\u05e8\u05d1\u05d5\u05ea ,\u05d9\u05e9\u05e8\u05d0\u05dc<br \/>\n<\/span><span style=\"font-size: 18px;\">Dr. Michal Ben-Nun, San Diego, CA, USA<br \/>\n<\/span><span style=\"font-size: 18px;\">Professor Ram Ben-Shalom, The Hebrew University, Israel<br \/>\n<\/span><span style=\"font-size: 18px;\">Ms. Orit Ben Shitrit, Film Department Chair, San Francisco Art Institute, USA<br \/>\n<\/span><span style=\"font-size: 18px;\">Professor Hanoch Ben-Yami, Central European University, Austria<br \/>\n<\/span><span style=\"font-size: 18px;\">Ohad Ben Itzhak, Israel<br \/>\n<\/span><span style=\"font-size: 18px;\">Mr Shmuel Ben-Tovim, Director, BTC Ltd., Israel<br \/>\n<\/span><span style=\"font-size: 18px;\">Nesim Bencoya, Turkey<br \/>\n<\/span><span style=\"font-size: 18px;\">Isaac Benguigui, Prof. University of Geneva, Switzerland<br \/>\n<\/span><span style=\"font-size: 18px;\">Tal Benoliel, Hebrew teacher, France<br \/>\n<\/span><span style=\"font-size: 18px;\">Ms. Anat Benson, Israel<br \/>\n<\/span><span style=\"font-size: 18px;\">Ms Val\u00e9rie Bercovici, Israel<br \/>\n<\/span><span style=\"font-size: 18px;\">Michael Berenbaum, Professor of Jewish Studies, American Jewish University, USA<br \/>\n<\/span><span style=\"font-size: 18px;\">Elie Beressi, France<br \/>\n<\/span><span style=\"font-size: 18px;\">Professor Andrew Stuart Bergerson, Department of History, University of Missouri-Kansas City, USA<br \/>\n<\/span><span style=\"font-size: 18px;\">Bonnie Berkowicz, USA<br \/>\n<\/span><span style=\"font-size: 18px;\">Dr. Nathaniel Berman, Rahel Varnhagen Professor, Dept. of Religious Studies, Brown University, USA<br \/>\n<\/span><span style=\"font-size: 18px;\">Dr. Margit Berner, Austria<br \/>\n<\/span><span style=\"font-size: 18px;\">Daniel Bessis, Delegate for innovation, Israel and France<br \/>\n<\/span><span style=\"font-size: 18px;\">Dr. Henry Bial, Professor, University of Kansas, USA<br \/>\n<\/span><span style=\"font-size: 18px;\">Dr. Pinhas Bibelnik, Hebrew University of Jerusalem, Israel<br \/>\n<\/span><span style=\"font-size: 18px;\">Professor (emeritus) Yoram Bilu, Prof. of anthropology and psychology Hebrew University, ISRAEL<br \/>\n<\/span><span style=\"font-size: 18px;\">Professor Marco Antonio Bin, PUC SP, Brasil Professor Daniel Blatman, Hebrew University, Israel<br \/>\n<\/span><span style=\"font-size: 18px;\">Mr Bruno Bloch, Cercle de Genealogie Juive, France<br \/>\n<\/span><span style=\"font-size: 18px;\">Carine Bloch, France<br \/>\n<\/span><span style=\"font-size: 18px;\">Professor Ren\u00e9 Bloch, University of Bern, Institute of Jewish Studies, Switzerland<br \/>\n<\/span><span style=\"font-size: 18px;\">Dr. Lisa Bloom, University of California, Berkeley, USA<br \/>\n<\/span><span style=\"font-size: 18px;\">Mr Remi Blum, Masorti congregation secretary in Neve Tzedek, Israel<br \/>\n<\/span><span style=\"font-size: 18px;\">Dr. Rachel Blumenthal, Hebrew University of Jerusalem, Israel<br \/>\n<\/span><span style=\"font-size: 18px;\">Mr Bruno Boccara, Socio-Analytic Dialogue, USA<br \/>\n<\/span><span style=\"font-size: 18px;\">Professor Alfred Bodenheimer, Director of the Center for Jewish Studies, University of Basel, Switzerland<br \/>\n<\/span><span style=\"font-size: 18px;\">Miriam Bodian, University of Texas at Austin, USA<br \/>\n<\/span><span style=\"font-size: 18px;\">Professor Dr Omri Boehm, The New School for Social Research, Israel\/ USA<br \/>\n<\/span><span style=\"font-size: 18px;\">Dr. Maro\u0161 Borsk\u00fd, Jewish Community Museum and Jewish Cultural Institute, Bratislava, Director, Slovak Republic<br \/>\n<\/span><span style=\"font-size: 18px;\">Rabbi Dr Barbara Borts, Newcastle University, UK Professor Viviana Bosi, Universidade de S\u00e3o Paulo, Brazil<br \/>\n<\/span><span style=\"font-size: 18px;\">Dr. Sabina Bossert, Fachreferentin J\u00fcdische Zeitgeschichte am Archiv f\u00fcr Zeitgeschichte der ETH Z\u00fcrich, Switzerland<br \/>\n<\/span><span style=\"font-size: 18px;\">Professor Daniel Boyarin, Taubman Prof. of Talmudic Culture, UC Berkeley, United States<br \/>\nProf. Dr. Stephan Braese, RWTH Aachen University, Germany<br \/>\n<\/span><span style=\"font-size: 18px;\">Dr. Elisabeth Brainin, Psychoanalyst, Vienna Psychoanalytic society (WPV), Austria Professor Zachary Braiterman, Syracuse University , USA<br \/>\n<\/span><span style=\"font-size: 18px;\">Caroline Bray, Museum Consultant, UK<br \/>\n<\/span><span style=\"font-size: 18px;\">Professor Michael Brenner, American University, Washington DC and University of Munich, USA Professor Haim Bresheeth, SOAS, University of London, UK<br \/>\n<\/span><span style=\"font-size: 18px;\">Claparede albernhe Brigitte, France<br \/>\n<\/span><span style=\"font-size: 18px;\">Mrs. Aline Brodt, Brodt Center for Jewish Culture, Israel<br \/>\n<\/span><span style=\"font-size: 18px;\">Susan Bronson, Executive Director, Yiddish Book Center, USA<br \/>\n<\/span><span style=\"font-size: 18px;\">Dr. Rivka Brot, Tel Aviv University Faculty of Law, Israel<br \/>\n<\/span><span style=\"font-size: 18px;\">Max Yeshaye Brumberg-Kraus, Artist with ARC (Arts, Religion, Culture), USA<br \/>\n<\/span><span style=\"font-size: 18px;\">Dr. Micha Brumlik, Selma Stern Zentrum f\u00fcr J\u00fcdische Studien Berlin, Germany<br \/>\n<\/span><span style=\"font-size: 18px;\">Tal Bruttmann, Historian, France<br \/>\nMelvin Jules Bukiet, author, Sarah Lawrence College, Board Member of the American Friends of Yad Vashem<br \/>\n<\/span><span style=\"font-size: 18px;\">Mr Avraham Burg, Former Speaker of the Knesset, Israel<br \/>\n<\/span><span style=\"font-size: 18px;\">Rauzel Candib, Retired School Administrator, Montreal, Quebec<br \/>\n<\/span><span style=\"font-size: 18px;\">Dr. Katerina Capkova, Institute of Contemporary History, Czech Academy of Sciences, Czech Republic<br \/>\n<\/span><span style=\"font-size: 18px;\">Professor Marc Caplan, Dartmouth College, Visiting Professor of Jewish Studies, USA Steven Carr, Purdue University Fort Wayne, USA<br \/>\n<\/span><span style=\"font-size: 18px;\">Galia Chai, Israel<br \/>\n<\/span><span style=\"font-size: 18px;\">Isolde Charim, Austria<br \/>\n<\/span><span style=\"font-size: 18px;\">Prof. Israel Charny, Director, Institute on the Holocaust and Genocide Jerusalem, Co-Founder, Internaitonal Association of Genocide Scholars, Israel<br \/>\n<\/span><span style=\"font-size: 18px;\">David Chemla, JCall, European general secretary, France<br \/>\n<\/span><span style=\"font-size: 18px;\">Nancy Civin, Baltimore Jewish Council, Holocaust Remembrance Council, USA<br \/>\n<\/span><span style=\"font-size: 18px;\">Tsila Cochavi, Israel<br \/>\n<\/span><span style=\"font-size: 18px;\">Carine Cohen Libermann, Law Student, Israel<br \/>\n<\/span><span style=\"font-size: 18px;\">Dr. Elliot (Yisrael) Cohen, Retired from Yad Vashem, Hebrew University, Israel<br \/>\n<\/span><span style=\"font-size: 18px;\">Professor Emerita Esther Cohen, Department of History, The Hebrew University of Jerusalem, Israel<br \/>\n<\/span><span style=\"font-size: 18px;\">Judith Cohen, Retired teacher, Ort, Israel<br \/>\n<\/span><span style=\"font-size: 18px;\">Julie-Marthe Cohen, curator, Jewish Historical Museum, Amsterdam, The Netherlands<br \/>\n<\/span><span style=\"font-size: 18px;\">Prof. Richard Cohen, The Hebrew University, Jerusalem, Israel<br \/>\n<\/span><span style=\"font-size: 18px;\">Professor Veronika Cohen, Jerusalem Academy of Music and Dance, Israel<br \/>\n<\/span><span style=\"font-size: 18px;\">Ms Catherine Colloms, Trustee, Wiener Holocaust Library, UK<br \/>\n<\/span><span style=\"font-size: 18px;\">Alon Confino, Pen Tishkach Chair of Holocaust Studies, Director of the Institute for Holocaust, Genocide and Memory Studies, University of Massachusetts, Amherst, USA<br \/>\n<\/span><span style=\"font-size: 18px;\">Dr Bryan Conyer, Bialik College, Australia<br \/>\n<\/span><span style=\"font-size: 18px;\">Jonathan Crewe, Dartmouth College, USA<br \/>\n<\/span><span style=\"font-size: 18px;\">Roz Currie, Curator at Islington Museum, formerly curator at Jewish Museum London, UK Sarah Cushman, Director, Holocaust Educational Foundation of Northwestern University, USA Anat Cygielman, Journalist, Israel<br \/>\n<\/span><span style=\"font-size: 18px;\">Dr. Max Czollek, Author, Germany<br \/>\n<\/span><span style=\"font-size: 18px;\">\u05d3\u05e4\u05e0\u05d4 \u05d3\u05d4 \u05d4\u05e8\u05d8\u05d5\u05da ,\u05d9\u05e9\u05e8\u05d0\u05dc<br \/>\n<\/span><span style=\"font-size: 18px;\">Talia Dadash, Israel<br \/>\n<\/span><span style=\"font-size: 18px;\">Sebastian Dallinger, Austria<br \/>\n<\/span><span style=\"font-size: 18px;\">danielle danielle, retrait\u00e9e, CNRS, France, Israel<br \/>\n<\/span><span style=\"font-size: 18px;\">Patrick Danis, France<br \/>\n<\/span><span style=\"font-size: 18px;\">Paige Dansinger, Director, Better World Museum, USA<br \/>\n<\/span><span style=\"font-size: 18px;\">Emmanuel Darmon, France<br \/>\n<\/span><span style=\"font-size: 18px;\">Tamar Daus, Israel<br \/>\n<\/span><span style=\"font-size: 18px;\">Dr. Efraim Davidi, Tel-Aviv University, Israel<br \/>\n<\/span><span style=\"font-size: 18px;\">Professor SIDRA DeKOVEN EZRAHI, Hebrew University of Jerusalem, Israel<br \/>\n<\/span><span style=\"font-size: 18px;\">Dr. Aviv De-Morgan, Israel<br \/>\n<\/span><span style=\"font-size: 18px;\">Dr Anath Ariel de Vidas, CNRS, France<br \/>\n<\/span><span style=\"font-size: 18px;\">Dr. Irit Dekel, Assistant Professor, Jewish Studies and Germanic Studies, Indiana University, USA<br \/>\n<\/span><span style=\"font-size: 18px;\">Professor Mikhal Dekel, Professor and Director of the Rifkind Center for the Humanities &amp; Arts, City University of New York, USA<br \/>\n<\/span><span style=\"font-size: 18px;\">Prof. Dr. Astrid Deuber-Mankowsky, Ruhr-Universit\u00e4t Bochum, Germany Annalisa Di Fant, Historian, Italy<br \/>\n<\/span><span style=\"font-size: 18px;\">Emily Dische-Becker, Journalist &amp; researcher, Berlin, Germany<br \/>\n<\/span><span style=\"font-size: 18px;\">Weill Dominique, Lawyer, France<br \/>\n<\/span><span style=\"font-size: 18px;\">Lizzie Doron, Writer, Israel<br \/>\n<\/span><span style=\"font-size: 18px;\">Dr. Axel Do\u00dfmann, University of Jena, Germany<br \/>\n<\/span><span style=\"font-size: 18px;\">Rachel Douieb, Author, composer, Musician, curator, France<br \/>\n<\/span><span style=\"font-size: 18px;\">Daniel Dratwa, former museum curator, Belgium<br \/>\n<\/span><span style=\"font-size: 18px;\">Dr. Werner Dreier, erinnern.at, director, Austria<br \/>\n<\/span><span style=\"font-size: 18px;\">Laura Dressel, Austria<br \/>\n<\/span><span style=\"font-size: 18px;\">Dr. Jean-Marc Dreyfus, Reader in History, the University of Manchester, UK<br \/>\n<\/span><span style=\"font-size: 18px;\">Marcel Drimer, Holocaust survivor USHMM, USA<br \/>\n<\/span><span style=\"font-size: 18px;\">Dr. Gali Drucker Bar-Am, Israel<br \/>\n<\/span><span style=\"font-size: 18px;\">Dr. Irith Dublon-Knebel, Minerva Institute for German History, Tel Aviv University, research fellow, Israel<br \/>\n<\/span><span style=\"font-size: 18px;\">Prof Arie Dubnov, Associate Professor of History &amp; Max Ticktin Chair of Israel Studies Director, Judaic Studies Program The George Washington University, USA<br \/>\n<\/span><span style=\"font-size: 18px;\">Dr. Rina Dudai, Kibbutzim College of Education (retired), Israel Ms Joanne Dufty, Sydney, Australia<br \/>\n<\/span><span style=\"font-size: 18px;\">Shoshana Dweck, USA<br \/>\n<\/span><span style=\"font-size: 18px;\">Prof Deborah Dwork, Director, Center for the Study of the Holocaust, genocide, and Crimes Against Humanity; Graduate Center&#8211;CUNY, USA<br \/>\n<\/span><span style=\"font-size: 18px;\">Dr. Tobias Ebbrecht Hartmann, Cardinal Franz K\u00f6nig Chair in Austrian Studies, The Hebrew University of Jerusalem, Israel<br \/>\n<\/span><span lang=\"EN-GB\">Monique Eckmann,\u00a0Prof. em.\u00a0University of Applied Sciences and Arts, Geneva, Switzerland<br \/>\n<\/span><span style=\"font-size: 18px;\">Professor John Efron, Koret Professor of Jewish History, University of California\u2014Berkeley, USA<br \/>\n<\/span><span style=\"font-size: 18px;\">Daniela F. Eisenstein, Director, The Jewish Museum Franconia \u2013 F\u00fcrth, Schnaittach &amp; Schwabach, Germany<br \/>\n<\/span><span style=\"font-size: 18px;\">Dr. Sagi Elbaz, Tel Aviv University, Israel<br \/>\n<\/span><span style=\"font-size: 18px;\">Dr. Yair Eldan, Law Faculty, Ono academic College, Israel<br \/>\n<\/span><span style=\"font-size: 18px;\">Allal Elie, France<br \/>\n<\/span><span style=\"font-size: 18px;\">Dr. Aya Elyada, Hebrew University of Jerusalem, Israel<br \/>\n<\/span><span style=\"font-size: 18px;\">Pierre Ech-Ardour, France<br \/>\n<\/span><span style=\"font-size: 18px;\">Sandy Fainer, Canada<br \/>\n<\/span><span style=\"font-size: 18px;\">Mrs Yael Falk, Israel<br \/>\n<\/span><span style=\"font-size: 18px;\">Sandro Fasching, Vienna Wiesenthal Institute for Holocaust Studies (VWI), The Future of Memory \u2013 Museum Simon Wiesenthal, Austria<br \/>\n<\/span><span style=\"font-size: 18px;\">Mr Sam Fayon, Director, Switzerland<br \/>\n<\/span><span style=\"font-size: 18px;\">Prof. Dr. Liliana Ruth Feierstein, Humboldt Universit\u00e4t Berlin, Germany<br \/>\n<\/span><span style=\"font-size: 18px;\">Professor Jackie Feldman, Ben Gurion Universit\u00e4t of the Negev, Professor of Anthropology, Israel<br \/>\n<\/span><span style=\"font-size: 18px;\">Prof. Miriam Feldon, Tel Aviv University, Israel<br \/>\n<\/span><span style=\"font-size: 18px;\">Dr. Michaela Feurstein-Prasser, XHIBIT.AT, Curator, Austria<br \/>\n<\/span><span style=\"font-size: 18px;\">Jacques Fijalkow, Professor emeritus, universit\u00e9 de Toulouse, France<br \/>\n<\/span><span style=\"font-size: 18px;\">Raymonde Fiol, Past President, Holocaust Survivors Group of Southern Nevada, USA<br \/>\n<\/span><span style=\"font-size: 18px;\">Chuck Fishman, Photographer \/ historian, USA<br \/>\n<\/span><span style=\"font-size: 18px;\">Louise Fishman, USA<br \/>\n<\/span><span style=\"font-size: 18px;\">Shlomit Fishman, Israel<br \/>\n<\/span><span style=\"font-size: 18px;\">Professor Henryk Flashner, University of Southern California, USA<br \/>\n<\/span><span style=\"font-size: 18px;\">Professor Sandy Flitterman-Lewis, Rutgers University, USA<br \/>\n<\/span><span style=\"font-size: 18px;\">Dr. David Forman, Cornell University, USA<br \/>\n<\/span><span style=\"font-size: 18px;\">Professor Everett Fox, Glick Professor of Judaic and Biblical Studies, Director, Program in Jewish Studies, Clark University, USA<br \/>\n<\/span><span style=\"font-size: 18px;\">Dr. Daniel Fraenkel, (Retired), Director of the Yad Vashem Encyclopedia of Jewish Communities in Germany, Israel<br \/>\n<\/span><span style=\"font-size: 18px;\">Karen S. Franklin, USA<br \/>\n<\/span><span style=\"font-size: 18px;\">Ms Carol Freeman, Director, Melisma Arts, USA<br \/>\n<\/span><span style=\"font-size: 18px;\">Prof. ChaeRan Freeze, Professor, Brandeis University, USA<br \/>\n<\/span><span style=\"font-size: 18px;\">Prof. Dr. Norbert Frei, University of Jena, Germany<br \/>\n<\/span><span style=\"font-size: 18px;\">Laura Freidberg, UNAM, Mexico<br \/>\n<\/span><span style=\"font-size: 18px;\">Professor Eli Friedlander, Philosophy, Tel Aviv University, Israel<br \/>\n<\/span><span style=\"font-size: 18px;\">Mr Dominique Friedman, Sept &amp; demi Incoming Europe, Chairman, France<br \/>\n<\/span><span style=\"font-size: 18px;\">Jeanette Friedman, President, the Brenn Institute, USA<br \/>\n<\/span><span style=\"font-size: 18px;\">Jordan Friedman, Hebrew Seminary for the Deaf and Hearing, USA<br \/>\n<\/span><span style=\"font-size: 18px;\">Professor Dr. Judith Frishman, Leiden University, Jewish Studies, Netherlands<br \/>\n<\/span><span style=\"font-size: 18px;\">Eva Frojmovic, Associate Professor, University of Leeds, UK<br \/>\n<\/span><span style=\"font-size: 18px;\">Dr. Iris Fry, Israel<br \/>\n<\/span><span style=\"font-size: 18px;\">Professor Emeritus Michael Fry, Technion &#8211; Israel Institute of Technology, Israel<br \/>\n<\/span><span style=\"font-size: 18px;\">Sarah Gabbai, Retired Journalist, Israel<br \/>\n<\/span><span style=\"font-size: 18px;\">Professor Ofer Gal, University of Sydney, Australia<br \/>\n<\/span><span style=\"font-size: 18px;\">Dr Yoav Galai, Lecturer in Global Political Communication, Royal Holloway, University of London, UK<br \/>\n<\/span><span style=\"font-size: 18px;\">Professor Katharina Galor, Program in Judaic Studies, Brown University, USA Mr Tsahi Ganon, Israel<br \/>\n<\/span><span style=\"font-size: 18px;\">Dr. Daniel Gerson, University of Bern,Institute of Jewish Studies, Switzerland Dr. Sharon Geva, Kibbutzim College and Tel Aviv University, Israel<br \/>\n<\/span><span style=\"font-size: 18px;\">Erika Gideon, Switzerland<br \/>\n<\/span><span style=\"font-size: 18px;\">Noa Gidron, Retiree, Independent Holocaust researcher, Israel<br \/>\n<\/span><span style=\"font-size: 18px;\">Mr Binyomin Gilbert, UK<br \/>\n<\/span><span style=\"font-size: 18px;\">Smadar Gilboa, USA<br \/>\n<\/span><span style=\"font-size: 18px;\">Professor Abigail Gillman, Professor of Hebrew, German, and Comparative Literature, Boston University, USA<br \/>\n<\/span><span style=\"font-size: 18px;\">Professor Sander Gilman, Emory University , USA<br \/>\n<\/span><span style=\"font-size: 18px;\">Hans Jakob Ginsburg, Journalist, Germany<br \/>\n<\/span><span style=\"font-size: 18px;\">Prof. Yonatan Ginzburg, Professor of Linguistics, Universit\u00e9 de Paris, France<br \/>\n<\/span><span style=\"font-size: 18px;\">Oren Giorno, Youth Director at Juda\u00efsme en Mouvement, France<br \/>\n<\/span><span style=\"font-size: 18px;\">Rabbi Dr. Irving Yitz Greenberg, Senior Scholar in Residence,Hadar Institute, USA and Israel<br \/>\n<\/span><span style=\"font-size: 18px;\">Professor Amos Guiora, USA<br \/>\n<\/span><span style=\"font-size: 18px;\">Amos Gitai, Professor college de France, Israel<br \/>\n<\/span><span style=\"font-size: 18px;\">Mr. Carlos Gitin Hochberg, Son to a survivor, Brasil<br \/>\n<\/span><span style=\"font-size: 18px;\">Dr. Mario Glanc, Argentina<br \/>\n<\/span><span style=\"font-size: 18px;\">Tamara Gleason, University College London, UK<br \/>\n<\/span><span style=\"font-size: 18px;\">Yael Glickman, Israel<br \/>\n<\/span><span style=\"font-size: 18px;\">Nechama Gliksberg, Israel<br \/>\n<\/span><span style=\"font-size: 18px;\">Jason Gold, Legal Counsel, Canada<br \/>\n<\/span><span style=\"font-size: 18px;\">Prof. Amos Goldberg, The Hebrew University of Jerusalem, Israel<br \/>\n<\/span><span style=\"font-size: 18px;\">Dr. Jean Goldenbaum, Researcher at the European Centre for Jewish Music (Music University of Hannover), Germany<br \/>\n<\/span><span style=\"font-size: 18px;\">David Goldfarb, Independent scholar and translator, USA<br \/>\n<\/span><span style=\"font-size: 18px;\">President John Goldsmith, Anne Frank Fonds (Trust), Basel, Switzerland<br \/>\n<\/span><span style=\"font-size: 18px;\">Ms. Alexa Goldstein, AJEEC-NISPED, Resource Development Coordinator, Israel<br \/>\n<\/span><span style=\"font-size: 18px;\">Dr Noami Goldstein, Grand daughter of shoah survivors, Israel<br \/>\n<\/span><span style=\"font-size: 18px;\">Dr. Yossi Goldstein, Hebrew University of Jerusalem, lecturer, Israel<br \/>\n<\/span><span style=\"font-size: 18px;\">Rabbi Samuel Gordon, Senior Rabbi, Congregation Sukkat Shalom, USA<br \/>\n<\/span><span style=\"font-size: 18px;\">Geoff Gottlieb, USA<br \/>\n<\/span><span style=\"font-size: 18px;\">Alain Tsion Grabarz, Hashomer Hatsa\u00efr (president), France<br \/>\n<\/span><span style=\"font-size: 18px;\">Professor Henry Green, Department of Religious Studies and Judaic Studies, University of Miami, USA<br \/>\n<\/span><span style=\"font-size: 18px;\">Dr. Jeffrey Green, Translator, Israel<br \/>\n<\/span><span style=\"font-size: 18px;\">Judith Green, Hebrew University, Israel<br \/>\n<\/span><span style=\"font-size: 18px;\">Prof. Charles Greenbaum, The Hebrew University of Jerusalem, Israel<br \/>\n<\/span><span style=\"font-size: 18px;\">Reesa Greenberg, Art and Exhibition Historian, Canada<br \/>\n<\/span><span style=\"font-size: 18px;\">Rabbi Yehiel Grenimann, Rabbis For Human Rights, Israel<br \/>\n<\/span><span style=\"font-size: 18px;\">Dr. Leonard Grob, Professor Emeritus, USA<br \/>\n<\/span><span style=\"font-size: 18px;\">Ms Nili Gross, Israel<br \/>\n<\/span><span style=\"font-size: 18px;\">William Gross, Director of the Gross Family Collection, Israel<br \/>\n<\/span><span style=\"font-size: 18px;\">Professor Atina Grossmann, Professor of History, Cooper Union, New York, USA<br \/>\n<\/span><span style=\"font-size: 18px;\">Ruth Ellen Gruber, Author, &#8220;Virtually Jewish: Reinventing Jewish Culture in Europe&#8221;, Italy\/Hungary\/USA<br \/>\n<\/span><span style=\"font-size: 18px;\">Dr. Samuel Gruber, President, International Survey of Jewish Monuments, USA Dr. Karen Grumberg, University of Texas at Austin, USA<br \/>\n<\/span><span style=\"font-size: 18px;\">Rabbi Nardy Grun, Tkasim, Israel<br \/>\n<\/span><span style=\"font-size: 18px;\">Prof. Wolf Gruner, Shapell-Guerin Chair in Jewish Studies, Professor of History, Founding Director USC Shoah Foundation Center for Advanced Genocide Research, University of Southern California, USA<br \/>\n<\/span><span style=\"font-size: 18px;\">Yosef Grunfeld, Israel<br \/>\n<\/span><span style=\"font-size: 18px;\">Professor Francois Guesnet, University College London, UK<br \/>\n<\/span><span style=\"font-size: 18px;\">David Guez, France<br \/>\n<\/span><span style=\"font-size: 18px;\">Paula Guitelman, University of Buenos Aires, Argentina<br \/>\n<\/span><span style=\"font-size: 18px;\">Dr. Stefan Gunther, USA<br \/>\n<\/span><span style=\"font-size: 18px;\">Hila Gutmann, Israel<br \/>\n<\/span><span style=\"font-size: 18px;\">Rivka Gutman, Architect, Bezalel Academy of Arts and Design Jerusalem, Israel<br \/>\n<\/span><span style=\"font-size: 18px;\">Prof. Ruth HaCohen, The Hebrew University of Jerusalem, Artur Rubinstein Professor of Musicology, Israel<br \/>\n<\/span><span style=\"font-size: 18px;\">DYNEL Hanan, Journaliste, ISRAEL<br \/>\n<\/span><span style=\"font-size: 18px;\">Sarah Harel Hoshen, Israel<br \/>\n<\/span><span style=\"font-size: 18px;\">Professor Galit Hasan-Rokem, The Hebrew University, Jerusalem, Israel<br \/>\n<\/span><span style=\"font-size: 18px;\">Dr. Peter Hayes, Professor Emeritus of History and Holocaust Studies, Northwestern University, USA<br \/>\n<\/span><span style=\"font-size: 18px;\">Georges Haymann, France<br \/>\n<\/span><span style=\"font-size: 18px;\">Professor emeritus Irene Heidelberger-Leonard, Professorial research fellow at Queen Mary College, London, UK<br \/>\n<\/span><span style=\"font-size: 18px;\">Barbara Heller, Researcher, Universidade Paulista (Brazil), Brasil Ms Claudia Heller, Unesp, Brazil, Brazil<br \/>\n<\/span><span style=\"font-size: 18px;\">Prof. Dr. Johannes Heil, Ignatz Bubis-Lehrstuhl, Hochschule f\u00fcr J\u00fcdische Studien Heidelberg, Germany<br \/>\nViola Heilman, Journalistin, Graz<br \/>\n<\/span><span style=\"font-size: 18px;\">PD Dr. Susanne Heim, Berlin, Germany<br \/>\n<\/span><span style=\"font-size: 18px;\">Dr Felicitas Heimann-Jelinek, Independent curator, Austria<br \/>\n<\/span><span style=\"font-size: 18px;\">Professor Elizabeth Heineman, Professor of History, University of Iowa, USA<br \/>\nMr Rami Heled, Israel<br \/>\n<\/span><span style=\"font-size: 18px;\">Dr. Lois Helmbold, San Jose State University, professor emerita, USA Tammy Hepps, Independent researcher, USA<br \/>\n<\/span><span style=\"font-size: 18px;\">Ariel Herman, Israel<br \/>\n<\/span><span style=\"font-size: 18px;\">Dr. Manja Herrmann, Selma Stern Center for Jewish Studies Berlin-Brandenburg, Germany<br \/>\n<\/span><span style=\"font-size: 18px;\">PhD Medical doctor Albert Herszkowicz, Chairperson Memorial98 association, France<br \/>\n<\/span><span style=\"font-size: 18px;\">Joel Herzog, Swiss Friends of Yad Vashem, Switzerland<br \/>\n<\/span><span style=\"font-size: 18px;\">Professor Susannah Heschel, Eli M. Black Distinguished Professor of Jewish Studies, Dartmouth College, USA<br \/>\n<\/span><span style=\"font-size: 18px;\">Professor Hannan Hever, Yale University, USA<br \/>\n<\/span><span style=\"font-size: 18px;\">Brad Sabin Hill, Washington DC, USA<br \/>\n<\/span><span style=\"font-size: 18px;\">Dr Odelia Hitron, Israel<br \/>\n<\/span><span style=\"font-size: 18px;\">Dr. Sabine H\u00f6dl, Institut f\u00fcr j\u00fcdische Geschichte \u00d6sterreichs, Austria Mrs Osnat Hochman Gerhard, Legal Counsel, Israel<br \/>\n<\/span><span style=\"font-size: 18px;\">Esther Hoernlimann, Center for Jewish Studies, Switzerland Mr. Avi Hoffman, USA<br \/>\n<\/span><span style=\"font-size: 18px;\">Kitty Hoffman, Canada<br \/>\n<\/span><span style=\"font-size: 18px;\">Dra. Odile Hoffmann, Geographer, IRD, France<br \/>\n<\/span><span style=\"font-size: 18px;\">Professor Elie Holzer ,Bar Ilan University, Israel<br \/>\n<\/span><span style=\"font-size: 18px;\">Assumpci\u00f3 Hosta Reb\u00e9s, Director, Patronat Call de Girona, Spain<br \/>\n<\/span><span style=\"font-size: 18px;\">Puttermilec Huguette, Teacher, France<br \/>\n<\/span><span style=\"font-size: 18px;\">Professor Curtis Hutt, Goldstein Center for Human Rights\/Schwalb Center for Israel and Jewish Studies, University of Nebraska at Omaha, USA<br \/>\n<\/span><span style=\"font-size: 18px;\">Agnieszka Ilwicka, USA<br \/>\n<\/span><span style=\"font-size: 18px;\">Dr Sarah Imhoff, Indiana University, Associate Professor of Jewish Studies, USA Laurent Isra\u00ebl, Isra\u00ebl<br \/>\n<\/span><span style=\"font-size: 18px;\">Dugi Israeli, meshek 58, Israel<br \/>\n<\/span><span style=\"font-size: 18px;\">Dr Saul Issroff, London<br \/>\n<\/span><span style=\"font-size: 18px;\">Dr Dror Izhat, Israeli Cinematheque library, Israel<br \/>\n<\/span><span style=\"font-size: 18px;\">Emeritus professor Andrew Jakubowicz, UTS, Australia<br \/>\n<\/span><span style=\"font-size: 18px;\">Dr Vivienne Jackson, UK<br \/>\n<\/span><span style=\"font-size: 18px;\">Daniel Jacoby, Secular humanistic rabbi, Israel<br \/>\n<\/span><span style=\"font-size: 18px;\">Busseuil Jacques, Particulier, Israel<br \/>\n<\/span><span style=\"font-size: 18px;\">Sr Sime\u00e3o Jaime, Brasil<br \/>\n<\/span><span style=\"font-size: 18px;\">Gdalia Janine, Societaire de la SGDL, France<br \/>\n<\/span><span style=\"font-size: 18px;\">Peter Jassem, Padt Chair, The Polish-Jewish Heritage Foundation of Canada, Canada Berman Jehan, Israel<br \/>\n<\/span><span style=\"font-size: 18px;\">Prof. Dr.Uffa Jensen, Zentrum f\u00fcr Antisemitismusforschung, Technische Universit\u00e4t Berlin, Germany<br \/>\n<\/span><span style=\"font-size: 18px;\">Dr Eve Jochnowitz, Workers Circle, USA<br \/>\n<\/span><span style=\"font-size: 18px;\">Dr. Laura Jockusch, Albert Abramson Associate Professor of Holocaust Studies, Brandeis University, USA<br \/>\n<\/span><span style=\"font-size: 18px;\">Ari Joskowicz, Associate Professor of Jewish Studies, Vanderbilt University, USA<br \/>\n<\/span>J\u00fcdischer Salon am Grindel, Hamburg<br \/>\n<span style=\"font-size: 18px;\">Ms Ann Jungman, IJV Treasurer, UK<br \/>\n<\/span><span style=\"font-size: 18px;\">\u05d0\u05d1\u05e8\u05d4\u05dd \u05e7\u05dc\u05d3\u05e8\u05d5\u05df ,\u05d4\u05d7\u05dc\u05d5\u05e5 \u05dc\u05de\u05e8\u05d7\u05d1 ,\u05d9\u05e9\u05e8\u05d0\u05dc<br \/>\n<\/span><span style=\"font-size: 18px;\">Irene Kacandes, The Dartmouth Professor of German Studies and Comparative Literature, Dartmouth College, USA<br \/>\n<\/span><span style=\"font-size: 18px;\">Mordechai Raphael Kadovitz, USA<br \/>\n<\/span><span style=\"font-size: 18px;\">Michal Kalfon, Switzerland<br \/>\n<\/span><span style=\"font-size: 18px;\">Dr. Moshe Kam, Dean of Engineering, New Jersey Institute of Technology, USA<br \/>\n<\/span><span style=\"font-size: 18px;\">Dr. Tair Kantor, Israel<br \/>\n<\/span><span style=\"font-size: 18px;\">Dr. Jonathan Kaplan, Associate Professor, The University of Texas at Austin, USA<br \/>\n<\/span><span style=\"font-size: 18px;\">Marion Kaplan, NYU, USA<br \/>\n<\/span><span style=\"font-size: 18px;\">Harold Kasimow, George Drake Professor of Religious Studis [emeritus], Grinnell College, Holocaust survivor, USA<br \/>\n<\/span><span style=\"font-size: 18px;\">Caryn Katz, Canada<br \/>\n<\/span><span style=\"font-size: 18px;\">Professor Ethan Katz, University of California, Berkeley, USA<br \/>\n<\/span><span style=\"font-size: 18px;\">Jason Katz, USA<br \/>\n<\/span><span style=\"font-size: 18px;\">Tamara Katzenstein, Film-Maker at Philbus Production, Brazil<br \/>\n<\/span>Uri R. Kaufmann, director, Alte Synagoge Essen. Germany<br \/>\n<span style=\"font-size: 18px;\">Dr. Martha Keil, Institute for Jewish History in Austria, Director, Austria<br \/>\n<\/span><span style=\"font-size: 18px;\">Alain Keler, Photojournalist, France<br \/>\n<\/span><span style=\"font-size: 18px;\">Rabbi Naamah Kelman, Israel<br \/>\n<\/span><span style=\"font-size: 18px;\">Arturo Kerbel, Yiddish House London, UK<br \/>\n<\/span><span style=\"font-size: 18px;\">Nili Keren, Research fellow, Bar Ilan University, Israel<br \/>\n<\/span><span style=\"font-size: 18px;\">Prof Zohar Kerem, The Hebrew University of Jerusalem, Israel<br \/>\n<\/span><span style=\"font-size: 18px;\">Lea Kibanoff-Ron, Writer and editor, ISRAEL<br \/>\n<\/span><span style=\"font-size: 18px;\">Dr Audrey Kichelewski, Strasbourg University, coeditor of Revue d&#8217;histoire de la Shoah, France<br \/>\n<\/span><span style=\"font-size: 18px;\">Andrea Kirchner, Fritz Bauer Institute Frankfurt\/Main, Germany<br \/>\n<\/span><span style=\"font-size: 18px;\">Professor Barbara Kirshenblatt-Gimblett, Professor Emerita, New York University, Ronald S. Lauder Chief Curator, Core Exhibition, POLIN Museum of the History of Polish Jews, USA<br \/>\n<\/span><span style=\"font-size: 18px;\">Prof Michelle Kisliuk, University of Virginia, USA<br \/>\nRabbinerin Elisa Klapheck, Frankfurt am Main<br \/>\n<\/span><span style=\"font-size: 18px;\">Joyce Klein, Israel<br \/>\n<\/span><span style=\"font-size: 18px;\">Ultrajante Alberto Kleinas, UNIVERSIDADE PRESBITERIANA MACKENZIE, Brazil<br \/>\n<\/span><span style=\"font-size: 18px;\">Professor Irena Klepfisz, USA<br \/>\n<\/span><span style=\"font-size: 18px;\">Mary Kluk, South Africa<br \/>\n<\/span><span style=\"font-size: 18px;\">Dr Brian Klug, St Benett&#8217;s Hall, University of Oxford, UK<br \/>\n<\/span><span style=\"font-size: 18px;\">Prof. Dr. Volkhard Knigge, Friedrich-Schiller-Universit\u00e4t Jena, Director emeritus Buchenwald and Mittelbau-Dora Memorials Foundation, Germany<br \/>\n<\/span><span style=\"font-size: 18px;\">Dr Anna Koch, Postdoctoral Fellow, University of Leeds, UK<br \/>\n<\/span><span style=\"font-size: 18px;\">Prof. Dr. Gertrud Koch, Germany<br \/>\n<\/span><span style=\"font-size: 18px;\">Dr. Patrick B. Koch, Emmy Noether Research Group Leader, University of Hamburg, Germany<br \/>\n<\/span><span style=\"font-size: 18px;\">Leah Koenig, USA<br \/>\n<\/span><span style=\"font-size: 18px;\">Dr Szonja Komor\u00f3czy, Hungary<br \/>\n<\/span><span style=\"font-size: 18px;\">Yulian Kondur, Project coordinator at the Roma Women&#8217;s Fund &#8220;Chiricli&#8221;, Ukraine<br \/>\n<\/span><span style=\"font-size: 18px;\">Dr. Karen K\u00f6rber, Institut f\u00fcr die Geschichte der deutschen Juden, Hamburg, Germany<br \/>\n<\/span><span style=\"font-size: 18px;\">Dr. Eugene Korn, Israel<br \/>\n<\/span><span style=\"font-size: 18px;\">Professor Andr\u00e1s Kov\u00e1cs, Central European University, Austria\/Hungary<br \/>\n<\/span><span style=\"font-size: 18px;\">Dr Alexandra Kowalski, Central European University, Austria<br \/>\n<\/span><span style=\"font-size: 18px;\">Ms Shirly Krakover, Social worker for Holocaust Survivors, Israel<br \/>\n<\/span><span style=\"font-size: 18px;\">Prof. Robert Kramer, St. Norbert College, USA<br \/>\n<\/span><span style=\"font-size: 18px;\">Ms. Yaffa Krindel, Israel<br \/>\n<\/span><span style=\"font-size: 18px;\">Tally Kritzman-Amir, Visiting Assistant Professor, Boston University School of Law, USA<br \/>\n<\/span><span style=\"font-size: 18px;\">Professor Bjorn Krondorfer, Director, Martin-Springer Institute, Northern Arizona University, USA<br \/>\n<\/span><span style=\"font-size: 18px;\">Cilly Kugelmann, Chief Curator of the new permanent exhibition, Jewish Museum Berlin, Germany<br \/>\n<\/span><span style=\"font-size: 18px;\">Dr. Sophie Kulaga, McGill University, Canada<br \/>\n<\/span><span style=\"font-size: 18px;\">Dr. Daniel Kupfert Heller, Kronhill Senior Lecturer in East European Jewish History, Monash University, Australia<br \/>\n<\/span><span style=\"font-size: 18px;\">Anna Kupinska, University of Alberta, PhD student, Canada<br \/>\n<\/span><span style=\"font-size: 18px;\">Daniel Kurtzer, Ambassador (Ret.), USA<br \/>\n<\/span><span style=\"font-size: 18px;\">Emeritus Professor Dr Konrad Kwiet, Macquarie University Sydney, Australia<br \/>\n<\/span><span style=\"font-size: 18px;\">Dr. Jacob Ari Labendz, Youngstown State University, USA<br \/>\n<\/span><span style=\"font-size: 18px;\">Dan Laloum, France<br \/>\n<\/span><span style=\"font-size: 18px;\">Dr Karine Lamarche, CNRS, France<br \/>\n<\/span><span lang=\"EN-GB\">Professor Michael Lambek, University of Toronto<br \/>\n<\/span><span style=\"font-size: 18px;\">Dr. Dana Landau, Postdoctoral Researcher, University of Basel, Switzerland<br \/>\n<\/span><span style=\"font-size: 18px;\">Shawn Landres PhD, Senior Fellow, UCLA School of Public Affairs, USA<br \/>\n<\/span><span style=\"font-size: 18px;\">Frederick Langendorf, USA<br \/>\n<\/span><span style=\"font-size: 18px;\">Trudi Langendorf, Chicago, USA<br \/>\n<\/span><span style=\"font-size: 18px;\">Professor Ruth Langer, Theology Department, Center for Christian-Jewish Learning, Boston College, USA<br \/>\n<\/span><span style=\"font-size: 18px;\">Benjamin Lapp, Associate Professor of History, Montclair State University, USA<br \/>\n<\/span><span style=\"font-size: 18px;\">Yablonka Laurence, Isra\u00ebl<br \/>\n<\/span><span style=\"font-size: 18px;\">Dr. Hilla Lavie, The Hebrew University, Israel<br \/>\n<\/span><span style=\"font-size: 18px;\">Professor Nitzan Lebovic, Professor of History and Holocaust Studies, Lehigh University, USA Mr Bernard Lebrun, France<br \/>\n<\/span><span style=\"font-size: 18px;\">Hugues Lefevre, Stolpersteine en France, association member, Germany Pinchas Leiser, Israel<br \/>\n<\/span><span style=\"font-size: 18px;\">Dr Gerald Lejzerowicz, France<br \/>\n<\/span><span style=\"font-size: 18px;\">Professor Alan Lelchuk, Dartmouth College, USA<br \/>\n<\/span><span style=\"font-size: 18px;\">Dr Carole Lemee, Universit\u00e9 Bordeaux teacher and researcher, France Rene Lenard, Brazil<br \/>\n<\/span><span style=\"font-size: 18px;\">Ronit Lentin, Associate Professor, Trinity College Dublin, Ireland<br \/>\n<\/span><span style=\"font-size: 18px;\">Dr. Manuel Lerdau, University of Virginia, Professor, USA<br \/>\n<\/span><span style=\"font-size: 18px;\">Professor Cathy Lesser Mansfield, The Sparks Fly Upward Foundation, Exec. Dir., USA Rebecca Lesses, Associate Professor of Jewish Studies, Ithaca College, USA<br \/>\n<\/span><span style=\"font-size: 18px;\">Mark Leuchter, Professor of Hebrew Bible and Ancient Judaism, Temple University, USA PD Dr. Stefanie Leuenberger, ETH Zurich, Switzerland<br \/>\n<\/span><span style=\"font-size: 18px;\">Mr Itamar Lev, Holocaust survivor testimonials translator at Yad Vashem, department of German language and history, bachelor of American history and political science at the Hebrew University of Jerusalem, Israel<br \/>\n<\/span><span style=\"font-size: 18px;\">Ora Lev, Israel<br \/>\n<\/span><span style=\"font-size: 18px;\">Shiri Levi, Israel<br \/>\n<\/span><span style=\"font-size: 18px;\">Professor Noam Levin, The Hebrew University of Jerusalem, Israel<br \/>\n<\/span><span style=\"font-size: 18px;\">Ms Ora Levy, Israel<br \/>\n<\/span><span style=\"font-size: 18px;\">Mrs Roseline Lewin, Belgium<br \/>\n<\/span><span style=\"font-size: 18px;\">Dr. Tamar Lewinsky, Jewish Museum Berlin, Curator, Germany<br \/>\n<\/span><span style=\"font-size: 18px;\">Eva Lewitus, Per\u00fa<br \/>\n<\/span><span style=\"font-size: 18px;\">Dr Ricardo Lewitus, USA<br \/>\n<\/span><span style=\"font-size: 18px;\">Victor Lewitus, CEO Israion Technologies Ltd, Israel<br \/>\n<\/span><span style=\"font-size: 18px;\">\u05d0\u05d9\u05dc\u05df \u05dc\u05d1, \u05d9\u05e9\u05e8\u05d0\u05dc<br \/>\n<\/span><span style=\"font-size: 18px;\">\u05d9\u05e9\u05d9 \u05dc\u05d1 ,\u05d9\u05e9\u05e8\u05d0\u05dc<br \/>\n<\/span><span style=\"font-size: 18px;\">Laura Levitt, Temple University, USA<br \/>\n<\/span><span style=\"font-size: 18px;\">Professor Gayle Levy, University of Missouri-Kansas City, Associate Professor, USA<br \/>\n<\/span><span style=\"font-size: 18px;\">Prof. Dr. Ren\u00e9 Levy, University of Lausanne, Switzerland<br \/>\nDaniela Lieberman, Vienna<br \/>\n<\/span><span style=\"font-size: 18px;\">Richard Lippeman, USA<br \/>\n<\/span><span style=\"font-size: 18px;\">Professor Deborah Lipstadt, Emory University, USA<br \/>\n<\/span><span style=\"font-size: 18px;\">Sylvia Liska, President, Friends of the Secession, Vienna, Austria<br \/>\n<\/span><span style=\"font-size: 18px;\">Professor Vivian Liska, Professor of German Literature and Director of the Institute of Jewish Studies University of Antwerp\/Hebrew University, Belgium<br \/>\n<\/span><span style=\"font-size: 18px;\">Professor Emeritus Marcia Sachs Littell, Stockton U. Founding Director, MA Program in Holocaust &amp; Genocide Studies, USA<br \/>\n<\/span><span style=\"font-size: 18px;\">Mr. Scott Littky, Institute for Holocaust Education, USA<br \/>\n<\/span><span style=\"font-size: 18px;\">Dr. Anat Livne, Ghetto Fighters&#8217; House Museum, Director (retired), Israel<br \/>\n<\/span><span style=\"font-size: 18px;\">James Loefler, Berkowitz Professor of Jewish History and Kolodiz Director of Jewish Studies, University of Virginia, USA<br \/>\n<\/span><span style=\"font-size: 18px;\">Dr Hanno Loewy, Director, Jewish Museum Hohenems, Austria<br \/>\n<\/span><span style=\"font-size: 18px;\">John Lombardo, USA<br \/>\n<\/span><span style=\"font-size: 18px;\">Ronit Lombrozo, Israel<br \/>\n<\/span><span style=\"font-size: 18px;\">Professor Yosefa Loshitzky, Professorial Research Associate, SOAS, University of London, UK Mr Shay Lotan, 2nd Generation, Israel<br \/>\n<\/span><span style=\"font-size: 18px;\">Prof. Dr. Andrea L\u00f6w, Center for Holocaust Studies at the Institute for Contemporary History, Munich, Deputy Director, Germany<br \/>\n<\/span><span style=\"font-size: 18px;\">Dr. Oded Lowenheim, Hebrew University of Jerusalem, Israel<br \/>\n<\/span><span style=\"font-size: 18px;\">Dr. Naomi Lubrich, Director, Jewish Museum of Switzerland, Switzerland Mark Ludwig, Executive Director, Terez\u00edn Music Foundation, USA<br \/>\n<\/span><span style=\"font-size: 18px;\">Professor Ian Lustick, Bess W. Heyman Chair, Professor of Political Science, University of Pennsylvania, USA<br \/>\n<\/span><span style=\"font-size: 18px;\">Professor Shaul Magid, Dartmouth College, USA<br \/>\n<\/span><span style=\"font-size: 18px;\">Professor Shulamit Magnus, Professor Emerita Jewish Studies and History, Oberlin College, Israel<br \/>\n<\/span><span style=\"font-size: 18px;\">Dr. Daniel Mahla, Ludwig Maximilians Universit\u00e4t M\u00fcnchen, Germany<br \/>\n<\/span><span style=\"font-size: 18px;\">PD Dr. Stefanie Mahrer, Universities of Basel and Bern, PI, Switzerland<br \/>\n<\/span>Helene Maimann, Historikerin und Filmemacherin, Wien<br \/>\n<span style=\"font-size: 18px;\">Professor Udi Makov, University of Haifa, Israel<br \/>\n<\/span><span style=\"font-size: 18px;\">Sandrs Malek, JGSLA, President, USA<br \/>\n<\/span><span style=\"font-size: 18px;\">Dr. Nir Mann, A Spiegel Felloe in The Finkler institute of Holocust Research, Bar Ilan University, Israel<br \/>\n<\/span><span style=\"font-size: 18px;\">Dr Davide Mano, Universit\u00e9 de Strasbourg, France<br \/>\n<\/span><span style=\"font-size: 18px;\">Malka Marcovich, Historienne, ecrivaine, consutante internationale, France<br \/>\n<\/span><span style=\"font-size: 18px;\">Jo\u00eblle Marelli, Former head of program at the Coll\u00e8ge international de philosophie, Paris, France Prof. Rabbi Dalia Marx, HUC-JIR, Israel<br \/>\n<\/span><span style=\"font-size: 18px;\">Lizzie Marx, Trustee, Wiener Holocaust Library, Netherlands<br \/>\nFlorian Marxer, President of the Association of Liechtenstein Friends of Yad Vashem<br \/>\n<\/span><span style=\"font-size: 18px;\">Zeev Matalon, Coach, Israel<br \/>\n<\/span><span style=\"font-size: 18px;\">Eugene Matanky, Tel Aviv University, PhD Candidate, Israel<br \/>\n<\/span><span style=\"font-size: 18px;\">Dr. Anat Matar, Tel Aviv University, Israel<br \/>\n<\/span><span style=\"font-size: 18px;\">Jacqueline Mautner, Israel\/Australia<br \/>\n<\/span><span style=\"font-size: 18px;\">Dr Eyal Mayroz, The University of Sydney, Australia<br \/>\n<\/span><span style=\"font-size: 18px;\">\u05d1\u05ea\u05d9\u05d4 \u05de\u05e7\u05d5\u05d1\u05e8 ,\u05d9\u05e8\u05d5\u05e9\u05dc\u05d9\u05dd ,\u05d9\u05e9\u05e8\u05d0\u05dc<br \/>\n<\/span><span style=\"font-size: 18px;\">Mr Claude Meillet, Israel<br \/>\n<\/span><span style=\"font-size: 18px;\">Meira Meisler, Tel Aviv, Israel<br \/>\n<\/span><span style=\"font-size: 18px;\">Mr. Gilad Melzer, Beit Berl college, Israel<br \/>\n<\/span><span style=\"font-size: 18px;\">Dr. Meron Mendel, Anne Frank educational centre, Germany<br \/>\n<\/span><span style=\"font-size: 18px;\">Professor Paul Mendes-Flohr, University of Chicago and Hebrew University, USA<br \/>\n<\/span><span style=\"font-size: 18px;\">Christina Meri, Curator of the Jewish Museum of Greece, Athens, Greece<br \/>\n<\/span><span style=\"font-size: 18px;\">Mr. Omri Meron, Israel<br \/>\n<\/span><span style=\"font-size: 18px;\">Mr. Omer Messing, Partner-director ar Balasha-Jalon, Israel<br \/>\n<\/span><span style=\"font-size: 18px;\">Kobi Metzer, Professor Emeritus of Economics, The Hebrew University of Jerusalem, Israel<br \/>\n<\/span><span style=\"font-size: 18px;\">Mr Shmuel Meyer, Novelist, Israel<br \/>\n<\/span><span style=\"font-size: 18px;\">Prof. Dr. Thomas Meyer, LMU Munich, Germany<br \/>\n<\/span><span style=\"font-size: 18px;\">Dr Joanna Michlic, University College London, UK<br \/>\n<\/span><span style=\"font-size: 18px;\">Gerhard Milchram, Wien Museum, curator, provenance-research, Austria<br \/>\n<\/span><span style=\"font-size: 18px;\">Dr. Avraham Milgram, former historian at Yad Vashem, Israel<br \/>\n<\/span><span style=\"font-size: 18px;\">Rabbi Jeremy Milgrom, Israel<br \/>\n<\/span><span style=\"font-size: 18px;\">Michael L. Miller, Associate Professor, Nationalism Studies Program, Central European University, Austria and Hungary<br \/>\n<\/span><span style=\"font-size: 18px;\">Professor Yair Mintzker, History Department, Princeton University, USA<br \/>\n<\/span><span style=\"font-size: 18px;\">Dr. Gali Mir-Tibon, Bar Ilan university, Israel<br \/>\n<\/span><span style=\"font-size: 18px;\">Fersztman Mondek, Belgium<br \/>\n<\/span><span style=\"font-size: 18px;\">Daniel Monterescu, Associate Professor, Central European University, Department of Sociology and Social Anthropology, Hungary and Austria<br \/>\n<\/span><span style=\"font-size: 18px;\">Laura Morowitz, Wagner College Holocaust Center, USA<br \/>\n<\/span><span style=\"font-size: 18px;\">Prof. Amos Morris &#8211; Reich, Director, Stephen Roth Institute for the Study of Contemporary Antisemitism and Racism, Tel Aviv University, Israel<br \/>\n<\/span><span style=\"font-size: 18px;\">Naomi Moss, Israel<br \/>\n<\/span><span style=\"font-size: 18px;\">Jose Murciano, Israel<br \/>\n<\/span><span style=\"font-size: 18px;\">Professor Frederek Musall, Heidelberg Center for Jewish Studies, Germany<br \/>\n<\/span><span style=\"font-size: 18px;\">Professor David Myers, UCLA, Sady and Ludwig Kahn Chair in Jewish History, USA<br \/>\n<\/span><span style=\"font-size: 18px;\">Prof. Dr. Andreas Nachama, President, Allgemeine Rabbinerkonferenz Deutschland, Germany Dr. Lilach Naishtat Bornstein, Kibbutzim College of Education, Israel<br \/>\n<\/span><span style=\"font-size: 18px;\">Dr. Ron Naiweld, CNRS, France<br \/>\n<\/span><span style=\"font-size: 18px;\">Tali Nates, Director, Johannesburg Holocaust &amp; Genocide Centre, South Africa<br \/>\n<\/span><span style=\"font-size: 18px;\">Roberta Newman, Writer and Researcher, USA<br \/>\n<\/span><span style=\"font-size: 18px;\">Prof. Francis Nicosia, University of Vermont, USA<br \/>\n<\/span><span style=\"font-size: 18px;\">Mrs Hagit Noam, Guide at Yad Vashem, Israel<br \/>\n<\/span><span style=\"font-size: 18px;\">Linda Novak, USA<br \/>\n<\/span><span style=\"font-size: 18px;\">Professor Stanis\u0142aw Obirek, University of Warsaw, Poland<br \/>\n<\/span><span style=\"font-size: 18px;\">Margaret Olin, Senior Research Scholar, Judaic Studies, Yale University, USA<br \/>\n<\/span><span style=\"font-size: 18px;\">Rabbi Kerry Olitzky, USA<br \/>\n<\/span><span style=\"font-size: 18px;\">Professor Adi Ophir, Tel Aviv University, Emeritus, Brown University Visiting Professor, USA<br \/>\n<\/span><span style=\"font-size: 18px;\">Michelle Ores, USA<br \/>\n<\/span><span style=\"font-size: 18px;\">Dr Annamaria Orla-Bukowska, Jagiellonian University, Poland<br \/>\n<\/span><span style=\"font-size: 18px;\">Shanna Orlik, Isra\u00ebl<br \/>\n<\/span><span style=\"font-size: 18px;\">Professor Andrea Orzoff, History Department, New Mexico State University, USA<br \/>\n<\/span><span style=\"font-size: 18px;\">Dr. Sarah Ozacky-Lazar, The Ven Leer Jerusalem Institute, Israel<br \/>\n<\/span><span style=\"font-size: 18px;\">Dr. Heloisa Pait, UNESP, Professor of Sociology, Brazil<br \/>\n<\/span><span style=\"font-size: 18px;\">Mrs. Marla Palmer, Teacher; Board Member of South Carolina Council on the Holocaust, USA<br \/>\n<\/span><span style=\"font-size: 18px;\">Robert Parzer, Dokumentations- und Inormationszentrum Torgau, researcher, Germany<br \/>\n<\/span><span style=\"font-size: 18px;\">Chatelus Pascale, Israel<br \/>\n<\/span><span style=\"font-size: 18px;\">Mir Pascale, Citoyenne, France<br \/>\n<\/span><span style=\"font-size: 18px;\">Professor Avinoam Patt, Director, Center for Judaic Studies, and Doris and Simon Konover Chair of Judaic Studies, University of Connecticut, USA<br \/>\n<\/span><span style=\"font-size: 18px;\">Professor Thomas Pegelow Kaplan, Center for Judaic, Holocaust, and Peace Studies, Appalachian State University, Leon Levine Distinguished Professor and Director, USA<br \/>\n<\/span><span style=\"font-size: 18px;\">Ms Peta Pellach, Director of Education, Elijah Interfaith Institute, Israel<br \/>\n<\/span><span style=\"font-size: 18px;\">Professor Derek Penslar, Harvard University, Professor of Jewish history, USA<br \/>\n<\/span><span style=\"font-size: 18px;\">Michal Perlman, Israel<br \/>\n<\/span><span style=\"font-size: 18px;\">Denis Peschanski, Senior Researcher at the CNRS (National Center for Scientific Research), President of SAB Rivesaltes Memorial Camp, France<br \/>\n<\/span><span style=\"font-size: 18px;\">Prof. Dr. Erik Petry, Center for Jewish Studies, University of Basel, Switzerland<br \/>\n<\/span><span style=\"font-size: 18px;\">Teresa Petrzelka, North Shore Temple Emanuel, Australia<br \/>\n<\/span><span style=\"font-size: 18px;\">Mr David Picard, Collective Trauma Healing affiliate, Israel<br \/>\n<\/span><span style=\"font-size: 18px;\">Prof. Jacques Picard, Emeritus, University of Basel, Switzerland<br \/>\n<\/span><span style=\"font-size: 18px;\">Dr Kathrin Pieren, Director, Jewish Museum of Westphalia, Germany Prof. Amit Pinchevski, Hebrew University, Jerusalem, Israel<br \/>\n<\/span><span style=\"font-size: 18px;\">\u05de\u05d9\u05e0\u05d4 \u05e4\u05e0\u05e6\u05e8,\u05de\u05e9\u05e8\u05d3 \u05d4\u05d7\u05d9\u05e0\u05d5\u05da ,\u05d9\u05e9\u05e8\u05d0\u05dc<br \/>\n<\/span><span style=\"font-size: 18px;\">Professor Griselda Pollock, UK<br \/>\n<\/span><span style=\"font-size: 18px;\">Prof. Dr. Dina Pomeranz, Assistant Professor, University of Zurich, Switzerland<br \/>\n<\/span><span style=\"font-size: 18px;\">Professor Catherine R. Power, Assistant Professor, Glendon Campus, York University, Canada Dr Yael Poznanski, Achva Academic college and Ben-Gurion U Eilat Campus, Israel<br \/>\n<\/span><span style=\"font-size: 18px;\">Ren\u00e9e Poznanski, Professor emerita, Ben Gurion University, Isra\u00ebl<br \/>\n<\/span><span style=\"font-size: 18px;\">Dr. Lea Prais, Israel<br \/>\n<\/span><span style=\"font-size: 18px;\">Ronit Prince, USA<br \/>\n<\/span><span style=\"font-size: 18px;\">Eetta Prince-Gibson, Israel<br \/>\n<\/span><span style=\"font-size: 18px;\">Dr Jay Prosser, University of Leeds, Reader in Humanities, UK<br \/>\n<\/span><span style=\"font-size: 18px;\">Bernhard Purin, Director, Jewish Museum Munich, Germany<br \/>\n<\/span><span style=\"font-size: 18px;\">Dr. Marcus Pyka, Associate Professor of History, Franklin University Switzerland (Lugano), Switzerland<br \/>\n<\/span><span style=\"font-size: 18px;\">Alon Raab, Israel<br \/>\n<\/span><span style=\"font-size: 18px;\">Anson Rabinbach, Phillip and Beulah Rollins Professor of History, Princeton University, USA<br \/>\n<\/span><span style=\"font-size: 18px;\">Dr. Doron Rabinovici, Austria<br \/>\n<\/span><span style=\"font-size: 18px;\">Prof. Iris Rachamimov, Tel Aviv University, Israel<br \/>\n<\/span><span style=\"font-size: 18px;\">Mr Andrew Rajcher, Founding Board Member, Australian Society of Polish Jews &amp; Their Descendants, Australia<br \/>\n<\/span><span style=\"font-size: 18px;\">Ben Ratskoff, Doctoral candidate, UCLA, USA Yehuda Rajuan, Israel<br \/>\n<\/span><span style=\"font-size: 18px;\">Ami Raz, Computer Technician, Israel<br \/>\n<\/span><span style=\"font-size: 18px;\">Dr. Michal Raz, Teacher at EHESS Paris, France Nomi Raz, Psychotherapist, Israel<br \/>\n<\/span><span style=\"font-size: 18px;\">Prof. Emeritus Shimon Redlich, Ben-Gurion University, Israel<br \/>\n<\/span><span style=\"font-size: 18px;\">Professor Emeritus Stuart Rees, University of Sydney, founder, inaugural Director Sydney Peace Foundation, Australia<br \/>\n<\/span><span style=\"font-size: 18px;\">Drorit Regev, Israel<br \/>\n<\/span><span style=\"font-size: 18px;\">Dr. Anika Reichwald, Jewish Museum Hohenems, Austria<br \/>\n<\/span><span style=\"font-size: 18px;\">Dr. Steven Reisner, USA<br \/>\n<\/span><span style=\"font-size: 18px;\">Oren Richard, Denmark<br \/>\n<\/span><span style=\"font-size: 18px;\">Mr. Lorne Richstone, University of Oklahoma, Associate Professor of Music, USA<br \/>\n<\/span><span style=\"font-size: 18px;\">Jeremiah Riemer, Free-lance (formerly Asst. Prof. European Studies, Paul H. Nitze School of Advanced International Studies, Johns Hopkins Univ.), USA<br \/>\n<\/span><span style=\"font-size: 18px;\">Dr. Rotraud Ries, Director, Johanna Stahl Center for Jewish history and culture in Lower Franconia, Germany<br \/>\n<\/span><span style=\"font-size: 18px;\">Dr. Michael Riff, Director, The Gross Center for Holocaust and Genocide Studies, Ramapo College of New Jersey, USA<br \/>\n<\/span><span style=\"font-size: 18px;\">Dr. Elisheva Rigbi, Music historian, Hebrew University of Jerusalem, Israel<br \/>\n<\/span><span style=\"font-size: 18px;\">Avraham Roet, holocaust survivor, Israel<br \/>\n<\/span><span style=\"font-size: 18px;\">Professor Freddie Rokem, Tel Aviv University, Israel<br \/>\n<\/span><span style=\"font-size: 18px;\">Na\u2019ama Rokem, Director, Joyce Z. and Jacob Greenberg Center for Jewish Studies, University of Chicago, USA<br \/>\n<\/span><span style=\"font-size: 18px;\">Dr. Stefan Rokem, Hebrew University, emeritus, Israel Dr. Adina Rom, ETH Zurich, Switzerland<br \/>\n<\/span><span style=\"font-size: 18px;\">Katia Rom, Switzerland<br \/>\n<\/span><span style=\"font-size: 18px;\">Dr. Samuel Rom, Icz z\u00fcrich, Switzerland<br \/>\n<\/span><span style=\"font-size: 18px;\">Jennifer Romaine, Visiting Profesor, Pratt Intitute, NYC, USA<br \/>\n<\/span><span style=\"font-size: 18px;\">Dr. Carmit Romano-Hvid, Denmark<br \/>\n<\/span><span style=\"font-size: 18px;\">Dr. Esther Romeyn, Center for European Studies, University of Florida, USA<br \/>\n<\/span><span style=\"font-size: 18px;\">Shoshana Ronen, Professor, head of Hebrew Studies, Department, The University of Warsaw, Poland<br \/>\n<\/span><span style=\"font-size: 18px;\">Professor Jacqueline Rose, Professor of Humanities, Co-Director, Birkbeck Institute for the Humanities, UK<br \/>\n<\/span><span style=\"font-size: 18px;\">Professor Robert Rosen, School of Law, University of Miami, USA<br \/>\n<\/span><span style=\"font-size: 18px;\">Prof. Tova Rosen, Literature, Tel Aviv University (Emeritus), Israel<br \/>\n<\/span><span style=\"font-size: 18px;\">Dr Anna Rosenbaum, Australia<br \/>\n<\/span><span style=\"font-size: 18px;\">Dr Ellen Rosenberg, Retired Faculty Northwestern University Feinberg School of Medicine and The Chicago Psychoanalytic Institute, USA<br \/>\n<\/span><span style=\"font-size: 18px;\">Joanne Rosenthal, Independent curator, former Chief Curator, Jewish Museum London, UK Martha Rosler, Rutgers University, New Jersey, Professor II Emerita, USA<br \/>\n<\/span><span style=\"font-size: 18px;\">Gaylen Ross, Film Director. Killing Kasztner, USA and Israel<br \/>\n<\/span><span style=\"font-size: 18px;\">Moshe Rosman, Bar-Ilan University, Professor Emeritus of Jewish History, Israel<br \/>\n<\/span><span lang=\"EN-GB\">Dr. Brigitta Rotach, Head of the cultural programs, House of Religions, Bern<br \/>\n<\/span><span style=\"font-size: 18px;\">Rebecca Rotenberg Nadler, Canada<br \/>\n<\/span><span style=\"font-size: 18px;\">Dr Alice Rothchild, Harvard Medical School, retired Assistant Professor of Obstetrics and Gynecology, USA<br \/>\n<\/span><span style=\"font-size: 18px;\">Lilach Rotman, Educational counselor, Educational Ministry, Israel<br \/>\n<\/span>Michal Rovner, artist, Israel<br \/>\n<span style=\"font-size: 18px;\">Dr. Sara Roy, Senior Research Scholar, Center for Middle Eastern Studies, Harvard University, USA<br \/>\n<\/span><span style=\"font-size: 18px;\">Estelle Rozinski, Australia<br \/>\n<\/span><span style=\"font-size: 18px;\">Prof. Emerita Minna Rozen, University of Haifa, Israel<br \/>\n<\/span><span style=\"font-size: 18px;\">Krzysztof A. Rozen, Association of the Jewish Historical Institute, Poland Deborah Rozenblum, Switzerland<br \/>\n<\/span><span style=\"font-size: 18px;\">Dr. Joel Rubin, Associate Professor, University of Virginia, USA\/Switzerland<br \/>\n<\/span><span style=\"font-size: 18px;\">Prof. Dr. Ursula Rudnick, apl. Prof at the Leibniz University in Hannover, Germany<br \/>\n<\/span><span style=\"font-size: 18px;\">Prof. Dr. Miriam Ruerup, Director Moses Mendelssohn Centre for European Jewish Studies, University of Potsdam, Germany<br \/>\n<\/span><span style=\"font-size: 18px;\">Professor Dirk Rupnow, Institute for Contemporary History &amp; Dean, Faculty of Philosophy and History, University of Innsbruck, Austria<br \/>\n<\/span><span style=\"font-size: 18px;\">Suzanne Rutland, Professor Emerita, University of Sydney, Australia<br \/>\n<\/span><span style=\"font-size: 18px;\">Avi Rybnicki, Psychoanalyst, Israel<br \/>\n<\/span><span style=\"font-size: 18px;\">Samuel Saada, photographer, France<br \/>\n<\/span><span style=\"font-size: 18px;\">Professor Angeli Sachs, Head of MA Art Education, Curatorial Studies, Zurich University of the Arts, Switzerland<br \/>\n<\/span><span style=\"font-size: 18px;\">Ms. Kael Sagheer, Institute for Holocaust Education, Education Coordinator, USA Maayan Sagiv, Israel<br \/>\n<\/span><span style=\"font-size: 18px;\">Dr. Rochelle Saidel, Remember the Women Institute, USA<br \/>\n<\/span><span style=\"font-size: 18px;\">Christa Salamandra, CUNY, USA<br \/>\n<\/span><span style=\"font-size: 18px;\">Prof. Hagar Salamon, The Hebrew University of Jerusalem, Israel<br \/>\n<\/span><span style=\"font-size: 18px;\">Dr. habil. Dorothea Salzer, Universit\u00e4t Potsdam, Germany<br \/>\n<\/span><span style=\"font-size: 18px;\">Rabbi Jan Salzman, Rabbi, congregation Ruach haMaqom, USA<br \/>\n<\/span><span style=\"font-size: 18px;\">Dr. Victoria Sanford, Professor of Anthropology, Lehman College, City University of New York, USA<br \/>\n<\/span><span style=\"font-size: 18px;\">Galia Sasson, Israel<br \/>\n<\/span><span style=\"font-size: 18px;\">Silke Schaeper, Maimonides Centre for Advanced Studies, Univerdit\u00e4t Hamburg, Germany<br \/>\n<\/span><span style=\"font-size: 18px;\">Teya Schaffer, USA<br \/>\n<\/span><span style=\"font-size: 18px;\">Professor Paul Scham, Director, Institute for Israel studies, UMD, USA<br \/>\n<\/span><span style=\"font-size: 18px;\">Dr. Silvina Schammah Gesser, Bar Ilan University , Truman Institute, HUJI, Israel<br \/>\n<\/span><span style=\"font-size: 18px;\">Prof. Emer. Eliyahu Schleifer, Hebrew Union College, Jerusalem, Israel<br \/>\n<\/span><span style=\"font-size: 18px;\">Professor Joachim Schl\u00f6r, The Parkes Institute for the Study of Jewish\/non-Jewish Relations, University of Southampton, UK<br \/>\n<\/span><span style=\"font-size: 18px;\">Dr Christine Schmidt, UK<br \/>\n<\/span><span style=\"font-size: 18px;\">Prof. Dr. Benigna Sch\u00f6nhagen, Institut f\u00fcr Geschichtliche Landeskunde, Universit\u00e4t T\u00fcbingen, Germany<br \/>\n<\/span>Prof. Dr. Julius Schoeps, Chairman of the Board of Directors, Moses-Mendelssohn-Stiftung, Berlin<br \/>\n<span style=\"font-size: 18px;\">Yara Schreiber Dines, Unesp Araraquara, Brasil<br \/>\n<\/span><span style=\"font-size: 18px;\">Prof. Dr. Stefanie Sch\u00fcler-Springorum, Director Center for Research on Antisemitism, Germany<br \/>\n<\/span><span style=\"font-size: 18px;\">Prof. Dr. Christoph Schulte, Universit\u00e4t Potsdam, Germany<br \/>\n<\/span><span style=\"font-size: 18px;\">Mr L Tadd Schwab, WUPJ, USA<br \/>\n<\/span><span style=\"font-size: 18px;\">Professor Daniel B. Schwartz, George Washington University, USA<br \/>\n<\/span><span style=\"font-size: 18px;\">Dr. Johannes Schwartz, State Capital Hannover, Culture Department, Nazi Era Provenance Research, Germany<br \/>\n<\/span><span style=\"font-size: 18px;\">Professor Seth Schwartz, Departments of History and Classics, Columbia University, USA<br \/>\nDr. Susanna Schrafstetter, professor of history, University of Vermont, USA<br \/>\n<\/span><span style=\"font-size: 18px;\">Michal Sela, Journalist and translator, Haifa, Israel<br \/>\n<\/span><span style=\"font-size: 18px;\">Professor Marcio Seligmann, State University of Campinas, Brazil<br \/>\n<\/span><span style=\"font-size: 18px;\">Mrs. Odile Senouf, ISRA\u00cbL<br \/>\n<\/span><span style=\"font-size: 18px;\">Dr. Shoval Shafat, Bar Ilan University, Faculty of Law, Israel<br \/>\n<\/span><span style=\"font-size: 18px;\">Yaara Shafrir, MA student, Israel<br \/>\n<\/span><span style=\"font-size: 18px;\">Prof. Dr. Galili Shahar, Chair, The Leo Baeck Institute Jerusalem , Israel<br \/>\n<\/span><span style=\"font-size: 18px;\">Professor Jeffrey Shandler, Rutgers University, Distinguished Professor, USA<br \/>\n<\/span><span style=\"font-size: 18px;\">Professor Joshua Shanes, College of Charleston, Jewish Studies, USA<br \/>\n<\/span><span style=\"font-size: 18px;\">Carrie Shapiro, USA<br \/>\n<\/span><span style=\"font-size: 18px;\">Professor Susan Shapiro, University of Massachusetts Amherst, USA<br \/>\n<\/span><span style=\"font-size: 18px;\">Dr. Noa Shashar, Sapir Academic College, Israel<br \/>\n<\/span><span style=\"font-size: 18px;\">Rosa Shein, Mexico<br \/>\n<\/span><span style=\"font-size: 18px;\">Prof. Orly Shenker, Philosophy, The Hebrew University of Jerusalem, Israel<br \/>\n<\/span><span style=\"font-size: 18px;\">Professor and Senior Vice Provost Jeffrey Shoulson, University of Connecticut, USA<br \/>\n<\/span><span style=\"font-size: 18px;\">Professor Haia Shpayer-Makov, University of Haifa, Israel<br \/>\n<\/span><span style=\"font-size: 18px;\">Sam Shuman, University of Michigan, PhD Candidate, USA<br \/>\n<\/span><span style=\"font-size: 18px;\">Ms Eve Sicular, Music from Yiddish Cinema, USA<br \/>\n<\/span><span style=\"font-size: 18px;\">Rivka Siden, USA<br \/>\n<\/span><span style=\"font-size: 18px;\">Jodi Siegel, USA<br \/>\n<\/span><span style=\"font-size: 18px;\">Lea Sigiel-Wolinetz, Executive Director of World Society of Czestochowa Jews and their Descendants, USA<br \/>\n<\/span><span style=\"font-size: 18px;\">Dr. Anja Siegemund, New Synagogue Berlin &#8211; Centrum Judaicum Foundation, Germany Professor Carol Silverman, University of Oregon, USA<br \/>\n<\/span><span style=\"font-size: 18px;\">Daniel Silverstone, UK<br \/>\n<\/span><span style=\"font-size: 18px;\">David J. Simon, Director, Yale Genocide Studies Program, USA<br \/>\n<\/span><span style=\"font-size: 18px;\">Paulo Simon, Brazil<br \/>\n<\/span><span style=\"font-size: 18px;\">Mr Doronn Victor Sitruk, Spain<br \/>\n<\/span><span style=\"font-size: 18px;\">Prof. Jonathan, Skolnik, University of Massachusetts Amherst, USA<br \/>\n<\/span><span style=\"font-size: 18px;\">Professor Dan Slobin, University of California, Berkeley &#8211; Professor Emeritus of Psychology and Linguistics, USA<br \/>\n<\/span><span style=\"font-size: 18px;\">Jean-Yves Slon, Isra\u00ebl<br \/>\n<\/span><span style=\"font-size: 18px;\">Mrs Sabine Smadja, Daughter of holocaust survivors, Israel<br \/>\n<\/span><span style=\"font-size: 18px;\">Dariusz Sobczyk, Friends of Polin Museum, Poland<br \/>\n<\/span><span style=\"font-size: 18px;\">Sahar Soffer, Israel<br \/>\n<\/span><span style=\"font-size: 18px;\">Dr. Orly Soker, Sapir College, Israel<br \/>\n<\/span><span style=\"font-size: 18px;\">Dr. Phyllis Soybel, Chair, History and Political Science, College of Lake County, USA<br \/>\n<\/span><span style=\"font-size: 18px;\">Mr. Matthias Spadinger, Chairman Verein GEDENKDIENST, Austria<br \/>\n<\/span><span style=\"font-size: 18px;\">\u05e8\u05d5\u05ea \u05e9\u05e4\u05e8\u05dc\u05d9\u05e0\u05d2 ,\u05d9\u05e9\u05e8\u05d0\u05dc<br \/>\n<\/span><span style=\"font-size: 18px;\">Professor Neta Stahl, Chair of the Stulman Program in Jewish Studies, Johns Hopkins University, USA<br \/>\n<\/span><span style=\"font-size: 18px;\">P.I Stain, Professor of Exact sciences, Canada<br \/>\n<\/span><span style=\"font-size: 18px;\">Lori Starr, Former Director, Contemporary Jewish Museum, USA<br \/>\n<\/span><span style=\"font-size: 18px;\">Dr. Barbara Staudinger, Director, Jewish Museum Augsburg Swabia, Germany<br \/>\n<\/span><span style=\"font-size: 18px;\">Ambassador ( Ret.) Shimon Stein, INSS Senior fellow, Israel<br \/>\n<\/span><span style=\"font-size: 18px;\">Prof. Dr. Sybille Steinbacher, Fritz Bauer Institute and Goethe University Frankfurt am Main, Germany<br \/>\n<\/span><span style=\"font-size: 18px;\">Barbara Steinberg, USA<br \/>\n<\/span><span style=\"font-size: 18px;\">Professor Michael Steinberg, Barnaby Conrad and Mary Critchfield Keeney Professor of History, German Studies, and Music, Brown University, USA<br \/>\n<\/span><span style=\"font-size: 18px;\">Linda Steindl, Austria<br \/>\n<\/span><span style=\"font-size: 18px;\">Rabbi Dr. Oren Steinitz, Rabbi, Congregation Kol Ami; Adjunct Professor, ALEPH Ordination Programs, USA<br \/>\n<\/span><span style=\"font-size: 18px;\">Prof. Alan Steinweis, University of Vermont, Raul Hilberg Distinguished Prof of Holocaust Studies, USA<br \/>\n<\/span><span style=\"font-size: 18px;\">Adina Stern, Germany<br \/>\n<\/span><span style=\"font-size: 18px;\">Zygmunt St\u0119pi\u0144ski, Director, POLIN Museum, Poland<br \/>\n<\/span><span style=\"font-size: 18px;\">Prof. Frank Stern, Visual and Cultural Studies, University of Vienna, Curator Annual Film Series at the Mauthausen Memorial, Austria<br \/>\n<\/span><span style=\"font-size: 18px;\">Noga Stiassny, Postdoctoral fellow, Israel<br \/>\n<\/span><span style=\"font-size: 18px;\">Dr. Oren Stier, Professor of Religious Studies and Director, Holocaust &amp; Genocide Studies Program, Florida International University, USA<br \/>\n<\/span><span style=\"font-size: 18px;\">Prof. Dariusz Stola, Polish Academy of Sciences, Poland<br \/>\n<\/span><span style=\"font-size: 18px;\">Professor Jeremy Stolow, Concordia University, Canada<br \/>\n<\/span><span style=\"font-size: 18px;\">Professor Dan Stone, Royal Holloway, University of London. Professor of Modern History, UK<br \/>\n<\/span><span style=\"font-size: 18px;\">Moises Storch, Brazilian Friends of PEACE NOW &#8211; coordinator, Brasil<br \/>\n<\/span><span style=\"font-size: 18px;\">Professor Daniel Strum, University of S\u00e3o Paulo, Brazil<br \/>\n<\/span><span style=\"font-size: 18px;\">Hannes Sulzenbacher, Independent curator, Austria<br \/>\n<\/span><span style=\"font-size: 18px;\">Professor Adam Sutcliffe, Professor of European History, King\u2019s College London, UK<br \/>\n<\/span><span style=\"font-size: 18px;\">Dr Chisin Sylvie, Israel<br \/>\n<\/span><span style=\"font-size: 18px;\">Ms. Annie Szamosi, Humber College Professor, Holocaust Scholar, Canada<br \/>\n<\/span><span style=\"font-size: 18px;\">Rachel Szymkowicz, France<br \/>\n<\/span><span style=\"font-size: 18px;\">Mats Tangestuen, Historian, Oslo Jewish Museum, Norway<br \/>\n<\/span><span style=\"font-size: 18px;\">Frida Tarrab, Israel<br \/>\n<\/span><span style=\"font-size: 18px;\">Pearl Taylor, Valley Beth Shalom, USA<br \/>\n<\/span><span style=\"font-size: 18px;\">Maximilian Teicher Dipl.Psych., Zurich, Switzerland<br \/>\n<\/span><span style=\"font-size: 18px;\">Samy Teicher Dipl.Psych., Psychoanalyst, Vienna Psychoanalytic society (WPV), Austria<br \/>\n<\/span><span style=\"font-size: 18px;\">Paula Teitelbaum, Yiddish teacher at YIVO Institute for Jewish Research, USA<br \/>\n<\/span><span style=\"font-size: 18px;\">Dr Fabien Theofilakis, University Paris 1 Panth\u00e9on Sorbonne, France<br \/>\n<\/span><span style=\"font-size: 18px;\">Prof. emer. Michael Toch, Hebrew University of Jerusalem, Israel<br \/>\n<\/span><span style=\"font-size: 18px;\">Idit Toledano, Former guide at Massuah for Holocaust studies, Israel<br \/>\n<\/span><span style=\"font-size: 18px;\">Marta Topel, Universidade de S\u00e3o Paulo (USP) Brasil, Brazil<br \/>\n<\/span><span style=\"font-size: 18px;\">Dr Zsuzsanna Toronyi, Hungary<br \/>\n<\/span><span style=\"font-size: 18px;\">Michal Trebac, Polin Museum, Poland<br \/>\n<\/span><span style=\"font-size: 18px;\">Danny Trom, Senior researcher, CNRS (French national research institute), France<br \/>\n<\/span><span style=\"font-size: 18px;\">Myri Turkenich, Musician, Germany<br \/>\n<\/span><span style=\"font-size: 18px;\">Ms. Yedida Turkenich, Psychoanalyst, Israel Psychoanalytic Society, Israel<br \/>\n<\/span><span style=\"font-size: 18px;\">Lesley Turner, Student, University of Toronto, Canada<br \/>\n<\/span><span style=\"font-size: 18px;\">Dr. Christiane Twiehaus, Head of Department for Jewish History and Culture, MiQua. LVR-Jewish Museum in the Archaeological Quarter Cologne, Germany<br \/>\n<\/span><span style=\"font-size: 18px;\">Dr. Peter Ullrich, Center for Research on Antisemitism, TU Berlin (fellow), Germany<br \/>\n<\/span><span style=\"font-size: 18px;\">Dr. Scott Ury, Tel Aviv University, Israel<br \/>\n<\/span><span style=\"font-size: 18px;\">Professor Robert Jan van Pelt, University of Waterloo, Canada<br \/>\n<\/span><span style=\"font-size: 18px;\">Edward van Voolen, Curator emeritus Jewish Historical Museum Amsterdam, Germany<br \/>\n<\/span><span style=\"font-size: 18px;\">David Vanunu, Israel<br \/>\n<\/span><span style=\"font-size: 18px;\">Prof. Dr. Herom Vargas, Methodist University of S\u00e3o Paulo (Brazil), Brazil<br \/>\n<\/span><span style=\"font-size: 18px;\">Professor Jeffrey Veidlinger, Joseph Brodsky Collegiate Professor of History and Judaic Studies, Director of Frankel Center for Judaic Studies, University of Michigan, USA<br \/>\n<\/span><span style=\"font-size: 18px;\">Professor Giuseppe Veltri, Germany<br \/>\n<\/span><span style=\"font-size: 18px;\">Alana Vincent, University of Chester, UK<br \/>\n<\/span><span style=\"font-size: 18px;\">Emily Vogl, USA<br \/>\n<\/span><span style=\"font-size: 18px;\">Prof. Steven Volk, Oberlin College, Professor of History Emeritus, USA<br \/>\n<\/span><span style=\"font-size: 18px;\">Prof. Emer. Shulamit Volkov, Tel Aviv University, the Osrael Academy of Science and the Humanities, Israel<br \/>\n<\/span><span style=\"font-size: 18px;\">Dr Marc Volovici, Postdoctoral researcher, Birkbeck, University of London, UK Prof. Christina von Braun, Selma Stern Center for Jewish Studies Berlin, Germany<br \/>\n<\/span><span style=\"font-size: 18px;\">Dr. Johannes Wachten, retired Chief curator and deputy director, Jewish museum Frankfurt am Main, Germany<br \/>\n<\/span><span style=\"font-size: 18px;\">Morgan Wadsworth-Boyle, Former Exhibitions Curator, Jewish Museum London, UK Dr Samuel Wajsberg, Jewish Hospital Berlin (retired), Germany<br \/>\n<\/span><span style=\"font-size: 18px;\">Dr. Ofer Waldman, Journalist, Israel\/Germany<br \/>\n<\/span><span style=\"font-size: 18px;\">Anika Walke, Associate Professor of History, Washington University in St. Louis, USA<br \/>\n<\/span><span style=\"font-size: 18px;\">Dr Murray Watson, Canada<br \/>\n<\/span><span style=\"font-size: 18px;\">Haim Watzman, Israel<br \/>\n<\/span><span style=\"font-size: 18px;\">Rabbi Lee Wax, Community Rabbi &amp; Educator, UK<br \/>\n<\/span><span style=\"font-size: 18px;\">Tobaron Waxman, Artist, USA<br \/>\n<\/span><span style=\"font-size: 18px;\">Rony Webb, Tel Aviv Museum of Art, Israel<br \/>\n<\/span><span style=\"font-size: 18px;\">Prof. Dr. Ulrike Weckel, Justus-Liebig-University Gie\u00dfen, Germany<br \/>\n<\/span><span style=\"font-size: 18px;\">Mrs Ruth Weinberg, Israel<br \/>\n<\/span><span style=\"font-size: 18px;\">Dr. David Weinfeld, Harry Lyons Chair in Judaic Studies, Virginia Commonwealth University, USA Professor Dov Weiss, University of Illinois at Urbana-Champaign, USA<br \/>\n<\/span><span style=\"font-size: 18px;\">Prof. haim weiss, Ben Gurion University, Israel<br \/>\n<\/span><span style=\"font-size: 18px;\">Prof. Dr. Liliane Weissberg, University of Pennsylvania, USA<br \/>\n<\/span><span style=\"font-size: 18px;\">Dr. Deborah Weissman, Consultant to the international council of Christians and Jews, Israel<br \/>\nProf. Dr. Dorothea Weltecke, Chair for Medieval History, Goethe-Universit\u00e4t Frankfurt, Germany<br \/>\n<\/span><span style=\"font-size: 18px;\">Katharina Hadassah Wendl, board member of Verein GEDENKDIENST, former GEDENKDIENST fellow at the Yad Vashem Archives (2016-17), Austria<br \/>\n<\/span><span style=\"font-size: 18px;\">Florian Wenninger, Institut f\u00fcr Historische Sozialforschung and former Gedenkdienst-Volunteer in Yad Vashem, Austria<br \/>\n<\/span><span style=\"font-size: 18px;\">Ms Karen Wesler, 2nd Generation Kindertransport, USA Dr. Evita Wiecki, LMU Munich, Germany<br \/>\n<\/span><span style=\"font-size: 18px;\">Romina Wiegemann, Germany<br \/>\n<\/span><span style=\"font-size: 18px;\">Professor Dr. Falk Wiesemann, Germany<br \/>\nDr. Daniel Wildmann, Director Leo Baeck Institute London<br \/>\n<\/span><span style=\"font-size: 18px;\">\u05e8\u05d5\u05d7\u05de\u05d4 \u05d5\u05d9\u05d9\u05e1 ,\u05d4\u05d9\u05d1\u05e8\u05d5 \u05d9\u05d5\u05e0\u05d9\u05d5\u05df \u05e7\u05d5\u05dc\u05d2 &#8216;- \u05d9\u05e8\u05d5\u05e9\u05dc\u05d9\u05dd ,\u05d9\u05e9\u05e8\u05d0\u05dc<br \/>\n<\/span><span style=\"font-size: 18px;\">Hannah Wilson, Nottingham Trent University, UK<br \/>\n<\/span><span style=\"font-size: 18px;\">Prof. Hana Wirth-Nesher, Tel Aviv University (Emerita), Israel<br \/>\n<\/span><span style=\"font-size: 18px;\">Prof. Hadas Wiseman, University of Haifa, Israel<br \/>\n<\/span><span style=\"font-size: 18px;\">Professor Rebecca Wittmann, Department of History, University of Toronto, Canada<br \/>\n<\/span><span style=\"font-size: 18px;\">Ruth Wodak Distinguished Professor, Chair of Discourse Studies, Lancaster University, UK\/ University Vienna (Emerita), Austria<br \/>\n<\/span><span style=\"font-size: 18px;\">Fabian Wolff, writer and journalist, Berlin\/Germany<br \/>\n<\/span><span style=\"font-size: 18px;\">Professor Paul Wolpe, Director, Center for Ethics, Emory University, USA<br \/>\n<\/span><span style=\"font-size: 18px;\">Dr. Kim W\u00fcnschmann, LMU Munich, Germany<br \/>\n<\/span><span style=\"font-size: 18px;\">Ms. Ayelet Yagil, Israel<br \/>\n<\/span><span style=\"font-size: 18px;\">Rabbi Dr. Iris Yaniv, Israel<br \/>\n<\/span><span style=\"font-size: 18px;\">Ophir Yarden, ADAShA, Jerusalem Center for Interreligious Encounter, Israel<br \/>\n<\/span><span style=\"font-size: 18px;\">James Young, Distinguished University Professor Emeritus, Founding Director, Institute for Holocaust, Genocide, and Memory Studies at University of Massachusetts Amherst, USA<br \/>\n<\/span><span style=\"font-size: 18px;\">Dr. Amnon Yuval, Historian, Israel<br \/>\n<\/span><span style=\"font-size: 18px;\">Professor Israel Yuval, The Hebrew University, Jerusalem, Israel<br \/>\n<\/span><span style=\"font-size: 18px;\">Florian Zabransky, University of Sussex, UK<br \/>\n<\/span><span style=\"font-size: 18px;\">Rabbi Dr. Efraim Zadoff, Spiegel Fellow, The Finkler Institute of Holocaust Research Bar-Ilan University, Israel<br \/>\n<\/span><span style=\"font-size: 18px;\">Dr. Mirjam Zadoff, Director, Documentation Centre for the History of Nationalsocialism, Germany<br \/>\n<\/span><span style=\"font-size: 18px;\">Dr. Noam Zadoff, Assistant Professor, University of Innsbruck, Austria<br \/>\n<\/span><span style=\"font-size: 18px;\">David Zakalik, Graduate Student, Cornell University, USA<br \/>\n<\/span><span style=\"font-size: 18px;\">Professor Motti Zalkin, Dept. of Jewish History, Ben-Gurion University, Israel<br \/>\n<\/span><span style=\"font-size: 18px;\">Professor Michael Zank, Director, Elie Wiesel Center for Jewish Studies, USA<br \/>\n<\/span><span style=\"font-size: 18px;\">Ms. Alexandra Zapruder, author and educator; founding staff member of USHMM, current Education Director of The Defiant Requiem Foundation, USA<br \/>\n<\/span><span style=\"font-size: 18px;\">Dr Danielle Zaslavsky, El Colegio de M\u00e9xico, M\u00e9xico<br \/>\n<\/span><span style=\"font-size: 18px;\">Professor\/Rabbi Dr. Jonathan Zasloff, UCLA School of Law, USA<br \/>\n<\/span><span style=\"font-size: 18px;\">Dr. Ingo Zechner, Director, Ludwig Boltzmann Institute for Digital History, Austria<br \/>\n<\/span><span style=\"font-size: 18px;\">Dr. Melissa Zeiger, Associate Professor, English Department, Dartmouth College, USA Professor Froma Zeitlin, Princeton University, US<br \/>\n<\/span><span style=\"font-size: 18px;\">Dr Alan Zemel, University at Albany SUNY, USA<br \/>\n<\/span><span lang=\"EN-US\">Professor Yael Zerubavel, Founding Director, Bildner Center for the Study of Jewish Life, Emerita, Professor Emeritus of Jewish Studies &amp; History Rutgers University<br \/>\n<\/span><span style=\"font-size: 18px;\">Prof. Dr. Moshe Zimmermann, Hebrew University, Jerusalem, Israel<\/span><\/p>\n","protected":false},"excerpt":{"rendered":"<p>There is international resistance to the announced appointment of the extreme right-wing politician Effi Eitam as the new chairman of Yad Vashem, the prestigious \u2018World Holocaust Remembrance Centre\u2019 and museum in Jerusalem.\u00a0In a joint declaration, Jewish and non-Jewish scholars and employees of Jewish museums, Holocaust memorial sites, university and non-university research and educational institutions, and [&hellip;]<\/p>\n","protected":false},"author":3,"featured_media":0,"comment_status":"open","ping_status":"open","sticky":false,"template":"","format":"standard","meta":[],"categories":[77,47,53],"tags":[],"_links":{"self":[{"href":"https:\/\/www.lasteuropeans.eu\/en\/wp-json\/wp\/v2\/posts\/1270"}],"collection":[{"href":"https:\/\/www.lasteuropeans.eu\/en\/wp-json\/wp\/v2\/posts"}],"about":[{"href":"https:\/\/www.lasteuropeans.eu\/en\/wp-json\/wp\/v2\/types\/post"}],"author":[{"embeddable":true,"href":"https:\/\/www.lasteuropeans.eu\/en\/wp-json\/wp\/v2\/users\/3"}],"replies":[{"embeddable":true,"href":"https:\/\/www.lasteuropeans.eu\/en\/wp-json\/wp\/v2\/comments?post=1270"}],"version-history":[{"count":13,"href":"https:\/\/www.lasteuropeans.eu\/en\/wp-json\/wp\/v2\/posts\/1270\/revisions"}],"predecessor-version":[{"id":1380,"href":"https:\/\/www.lasteuropeans.eu\/en\/wp-json\/wp\/v2\/posts\/1270\/revisions\/1380"}],"wp:attachment":[{"href":"https:\/\/www.lasteuropeans.eu\/en\/wp-json\/wp\/v2\/media?parent=1270"}],"wp:term":[{"taxonomy":"category","embeddable":true,"href":"https:\/\/www.lasteuropeans.eu\/en\/wp-json\/wp\/v2\/categories?post=1270"},{"taxonomy":"post_tag","embeddable":true,"href":"https:\/\/www.lasteuropeans.eu\/en\/wp-json\/wp\/v2\/tags?post=1270"}],"curies":[{"name":"wp","href":"https:\/\/api.w.org\/{rel}","templated":true}]}}